{"id":56,"date":"2012-05-23T00:04:00","date_gmt":"2012-05-23T00:04:00","guid":{"rendered":"http:\/\/www.toque-musicall.com\/?p=56"},"modified":"2012-05-23T00:04:00","modified_gmt":"2012-05-23T00:04:00","slug":"lindomar-castilho-cancoes-que-nao-se-esquecem-1964","status":"publish","type":"post","link":"https:\/\/www.toque-musicall.com\/?p=56","title":{"rendered":"Lindomar Castilho &#8211; Can\u00e7\u00f5es Que N\u00e3o Se Esquecem (1964)"},"content":{"rendered":"<div style=\"clear: both; text-align: center;\"><a href=\"http:\/\/3.bp.blogspot.com\/-Yk-AV4sgNy4\/T7weDsCoyaI\/AAAAAAAACUE\/5cMNuwC0Mdw\/s1600\/capa.JPG\" style=\"margin-left: 1em; margin-right: 1em;\"><img loading=\"lazy\" decoding=\"async\" border=\"0\" height=\"400\" src=\"http:\/\/3.bp.blogspot.com\/-Yk-AV4sgNy4\/T7weDsCoyaI\/AAAAAAAACUE\/5cMNuwC0Mdw\/s400\/capa.JPG\" width=\"393\" \/><\/a><\/div>\n<div style=\"clear: both; text-align: center;\"><a href=\"http:\/\/4.bp.blogspot.com\/-8d947FFmY_A\/T7wcie9edHI\/AAAAAAAACT8\/rgogyjJ2oiE\/s1600\/contracapa.JPG\" style=\"margin-left: 1em; margin-right: 1em;\"><img loading=\"lazy\" decoding=\"async\" border=\"0\" height=\"392\" src=\"http:\/\/4.bp.blogspot.com\/-8d947FFmY_A\/T7wcie9edHI\/AAAAAAAACT8\/rgogyjJ2oiE\/s400\/contracapa.JPG\" width=\"400\" \/><\/a><\/div>\n<p>Ol\u00e1s! Estou precisando voltar \u00e0s postagens matinais, pois essa hist\u00f3ria de deixar para mais tarde acaba me tirando o apetite. Al\u00e9m do mais, pela manh\u00e3 a gente sempre est\u00e1 com a cabe\u00e7a mais leve. Mas enquanto n\u00e3o d\u00e1, vamos que vamos&#8230;<br \/>Trago hoje para voc\u00eas um dos primeiros discos do emblem\u00e1tico cantor Lindomar Castilho. Talvez, se n\u00e3o me engano, este foi o primeiro e possivelmente o \u00fanico onde o cantor ainda n\u00e3o fazia o estilo &#8216;popularesco&#8217;, mais adiante conhecido como brega. Em &#8220;Can\u00e7\u00f5es que n\u00e3o se esquecem&#8221; ele interpreta m\u00fasicas, aquelas famosas e em sua maioria, de Vicente Celestino e de C\u00e2ndido das Neves, o \u00cdndio. \u00c9, sem d\u00favida, um disco interessante e raro, que merece ser ouvido.\u00a0Notem que neste lp h\u00e1 uma faixa, &#8220;Matei&#8221;, do dram\u00e1tico Celestino, que \u00e9 o que podemos chamar de uma infeliz premoni\u00e7\u00e3o.\u00a0Eis a\u00ed uma postagem que carece de coment\u00e1rios, seja pelo disco e seu repert\u00f3rio ou pelo artista e seu drama pessoal. Fiquem a vontade&#8230;<\/p>\n<div style=\"text-align: center;\">noite cheia de estrelas<\/div>\n<div style=\"text-align: center;\">cora\u00e7\u00e3o materno<\/div>\n<div style=\"text-align: center;\">porta aberta<\/div>\n<div style=\"text-align: center;\">ouvindo-te<\/div>\n<div style=\"text-align: center;\">serenata<\/div>\n<div style=\"text-align: center;\">o \u00e9brio<\/div>\n<div style=\"text-align: center;\">patativa<\/div>\n<div style=\"text-align: center;\">rasguei o teu retrato<\/div>\n<div style=\"text-align: center;\">matei<\/div>\n<div style=\"text-align: center;\">e nada mais<\/div>\n<div style=\"text-align: center;\">quero voltar<\/div>\n<div style=\"text-align: center;\">ilus\u00e3o de garoto<\/div>\n<p><\/p>\n","protected":false},"excerpt":{"rendered":"<p>Ol\u00e1s! Estou precisando voltar \u00e0s postagens matinais, pois essa hist\u00f3ria de deixar para mais tarde acaba me tirando o apetite. Al\u00e9m do mais, pela manh\u00e3 a gente sempre est\u00e1 com a cabe\u00e7a mais leve. Mas enquanto n\u00e3o d\u00e1, vamos que &hellip; <a href=\"https:\/\/www.toque-musicall.com\/?p=56\">Continue lendo <span class=\"meta-nav\">&rarr;<\/span><\/a><\/p>\n","protected":false},"author":1,"featured_media":0,"comment_status":"open","ping_status":"closed","sticky":false,"template":"","format":"standard","meta":{"footnotes":""},"categories":[71,40],"tags":[],"class_list":["post-56","post","type-post","status-publish","format-standard","hentry","category-lindomar-castilho","category-selo-continental"],"_links":{"self":[{"href":"https:\/\/www.toque-musicall.com\/index.php?rest_route=\/wp\/v2\/posts\/56","targetHints":{"allow":["GET"]}}],"collection":[{"href":"https:\/\/www.toque-musicall.com\/index.php?rest_route=\/wp\/v2\/posts"}],"about":[{"href":"https:\/\/www.toque-musicall.com\/index.php?rest_route=\/wp\/v2\/types\/post"}],"author":[{"embeddable":true,"href":"https:\/\/www.toque-musicall.com\/index.php?rest_route=\/wp\/v2\/users\/1"}],"replies":[{"embeddable":true,"href":"https:\/\/www.toque-musicall.com\/index.php?rest_route=%2Fwp%2Fv2%2Fcomments&post=56"}],"version-history":[{"count":0,"href":"https:\/\/www.toque-musicall.com\/index.php?rest_route=\/wp\/v2\/posts\/56\/revisions"}],"wp:attachment":[{"href":"https:\/\/www.toque-musicall.com\/index.php?rest_route=%2Fwp%2Fv2%2Fmedia&parent=56"}],"wp:term":[{"taxonomy":"category","embeddable":true,"href":"https:\/\/www.toque-musicall.com\/index.php?rest_route=%2Fwp%2Fv2%2Fcategories&post=56"},{"taxonomy":"post_tag","embeddable":true,"href":"https:\/\/www.toque-musicall.com\/index.php?rest_route=%2Fwp%2Fv2%2Ftags&post=56"}],"curies":[{"name":"wp","href":"https:\/\/api.w.org\/{rel}","templated":true}]}}