{"id":5601,"date":"2016-06-26T00:09:34","date_gmt":"2016-06-26T03:09:34","guid":{"rendered":"http:\/\/www.toque-musicall.com\/?p=5601"},"modified":"2016-06-28T00:14:17","modified_gmt":"2016-06-28T03:14:17","slug":"elebra-memoria-5-1988","status":"publish","type":"post","link":"https:\/\/www.toque-musicall.com\/?p=5601","title":{"rendered":"Elebra &#8211; Mem\u00f3ria 5 (1988)"},"content":{"rendered":"<p><img loading=\"lazy\" decoding=\"async\" class=\"aligncenter\" src=\"https:\/\/1.bp.blogspot.com\/-qNIfuGxFt7Y\/V3HnXzXlHZI\/AAAAAAAANCI\/YHbM2bTDhRIWD7lR0KzmvDERobQgiVBpgCLcB\/s640\/capa.JPG\" width=\"636\" height=\"640\" \/><img loading=\"lazy\" decoding=\"async\" class=\"aligncenter\" src=\"https:\/\/1.bp.blogspot.com\/-iw0m7jI3xPE\/V3HnYeWuuzI\/AAAAAAAANCM\/PjWPnQAdwD8B2fBhnM4SaMiV4L85zIgtACLcB\/s640\/contra.JPG\" width=\"639\" height=\"640\" \/><\/p>\n<p>O TM hoje oferece aos seus amigos cultos e ocultos e associados o quinto volume de uma s\u00e9rie denominada \u201cMem\u00f3rias\u201d, destinada \u00e0 preserva\u00e7\u00e3o de nossa mem\u00f3ria musical, oferecida como brinde aos clientes da Elebra, uma empresa de inform\u00e1tica que n\u00e3o existe mais, e que foi a maior do setor na \u00e9poca em que havia reserva de mercado para o mesmo no Brasil.<\/p>\n<p>A s\u00e9rie foi produzida pelo incans\u00e1vel pesquisador Jo\u00e3o Carlos Botezelli, o popular Pel\u00e3o, que tem um respeit\u00e1vel curr\u00edculo no setor fonogr\u00e1fico. Basta dizer, por exemplo,\u00a0 que ele produziu, em 1974, o primeiro LP do mestre Cartola.\u00a0 Trabalhos de N\u00e9lson Cavaquinho , Adoniran Barbosa, Th\u00e9o de Barros, Inezita Barroso e Raphael Rabello tamb\u00e9m est\u00e3o entre suas mais esmeradas produ\u00e7\u00f5es discogr\u00e1ficas. \u00a0E tudo na base da amizade&#8230;<\/p>\n<p>Este quinto LP da s\u00e9rie \u201cMem\u00f3rias\u201d, editado em 1988, \u00e9 dedicado a conjuntos vocais e\/ou instrumentais brasileiros de v\u00e1rias \u00e9pocas e estilos. Para a sele\u00e7\u00e3o de repert\u00f3rio, mestre Pel\u00e3o contou com a colabora\u00e7\u00e3o, entre outros, do jornalista Arley Pereira e do autor de novelas Walther Negr\u00e3o. Sele\u00e7\u00e3o esta muito bem feita, com masters cedidos por quatro gravadoras, em que desfilam conjuntos marcantes na hist\u00f3ria de nossa m\u00fasica popular, interpretando cl\u00e1ssicos inesquec\u00edveis. A sele\u00e7\u00e3o inclui \u201cTrem das onze\u201d, do mestre Adoniran, com os sempre not\u00e1veis Dem\u00f4nios da Garoa, \u201cGauchinha bem querer\u201d, de Tito Madi, na interpreta\u00e7\u00e3o impec\u00e1vel e plena de autenticidade do Conjunto Farroupilha, \u201cForr\u00f3 de Man\u00e9 Vito\u201d, de Gonzag\u00e3o e Z\u00e9 Dantas, com o Quinteto Violado, um raro registro de \u201cN\u00eaga do cabelo duro\u201d, de Rubens Soares e David Nasser, com o Bando da Lua, \u201cEstrada do sol\u201d, de Tom Jobim e Dolores Duran, com o Trio Irakitan, o saltitante \u201cTico-tico no fub\u00e1\u201d, de Zequinha de Abreu, com Os Tr\u00eas Morais, \u201c\u00c9 com esse que eu vou\u201d, de Pedro Caetano, com seus criadores, os Quatro Ases e um Coringa&#8230; A bossa nova vem com o Zimbo Trio, executando \u201cBalan\u00e7o Zona Sul\u201d, de Tito Madi, o Sambalan\u00e7o Trio numa releitura de \u201cPra machucar meu cora\u00e7\u00e3o\u201d, de mestre Ary Barroso, e o Jongo Trio com \u201cMenino das laranjas\u201d, de Th\u00e9o de Barros. Os Titulares do Ritmo aqui interpretam \u201cPonteio\u201d, de Edu Lobo e Capinam. E, para finalizar, \u201cA voz do morro\u2019, de Z\u00e9 K\u00e9ti, com o conjunto de mesmo nome, organizado pelo pr\u00f3prio autor, e no qual despontaram nomes importantes da MPB, como Paulinho da Viola e \u00c9lton Medeiros. Repert\u00f3rio de qualidade, conjuntos expressivos, \u00f3timas performances&#8230; Que mais se pode querer?<\/p>\n<p style=\"text-align: center;\">pra machucar meu cora\u00e7\u00e3o &#8211; sambalan\u00e7o trio<\/p>\n<p style=\"text-align: center;\">tico tico no fub\u00e1 &#8211; os tr\u00eas morais<\/p>\n<p style=\"text-align: center;\">balan\u00e7o zona sul &#8211; zimbo trio<\/p>\n<p style=\"text-align: center;\">o menino das laranjeiras &#8211; jongo trio<\/p>\n<p style=\"text-align: center;\">forr\u00f3 do man\u00e9 vito &#8211; quinteto violado<\/p>\n<p style=\"text-align: center;\">estrada do sol &#8211; trio irakitan<\/p>\n<p style=\"text-align: center;\">nega do cabelo duro &#8211; bando da lua<\/p>\n<p style=\"text-align: center;\">gauchinha bem querer &#8211; conjunto farroupilha<\/p>\n<p style=\"text-align: center;\">\u00e9 com esse que eu vou &#8211; quatro azes e um coringa<\/p>\n<p style=\"text-align: center;\">ponteiro &#8211; titulares do ritmo<\/p>\n<p style=\"text-align: center;\">tr\u00eam das onze &#8211; dem\u00f4nios da gar\u00f4a<\/p>\n<p style=\"text-align: center;\">a voz do morro &#8211; conjunto a voz do morro<\/p>\n<p>.* Texto de Samuel Machado Filho<\/p>\n","protected":false},"excerpt":{"rendered":"<p>O TM hoje oferece aos seus amigos cultos e ocultos e associados o quinto volume de uma s\u00e9rie denominada \u201cMem\u00f3rias\u201d, destinada \u00e0 preserva\u00e7\u00e3o de nossa mem\u00f3ria musical, oferecida como brinde aos clientes da Elebra, uma empresa de inform\u00e1tica que n\u00e3o &hellip; <a href=\"https:\/\/www.toque-musicall.com\/?p=5601\">Continue lendo <span class=\"meta-nav\">&rarr;<\/span><\/a><\/p>\n","protected":false},"author":1,"featured_media":0,"comment_status":"open","ping_status":"closed","sticky":false,"template":"","format":"standard","meta":{"footnotes":""},"categories":[1266,666,1282,2002,25,333,941],"tags":[],"class_list":["post-5601","post","type-post","status-publish","format-standard","hentry","category-bando-da-lua","category-jongo-trio","category-os-tres-morais","category-sambalanco-trio","category-selo-independente","category-trio-irakitan","category-zimbo-trio"],"_links":{"self":[{"href":"https:\/\/www.toque-musicall.com\/index.php?rest_route=\/wp\/v2\/posts\/5601","targetHints":{"allow":["GET"]}}],"collection":[{"href":"https:\/\/www.toque-musicall.com\/index.php?rest_route=\/wp\/v2\/posts"}],"about":[{"href":"https:\/\/www.toque-musicall.com\/index.php?rest_route=\/wp\/v2\/types\/post"}],"author":[{"embeddable":true,"href":"https:\/\/www.toque-musicall.com\/index.php?rest_route=\/wp\/v2\/users\/1"}],"replies":[{"embeddable":true,"href":"https:\/\/www.toque-musicall.com\/index.php?rest_route=%2Fwp%2Fv2%2Fcomments&post=5601"}],"version-history":[{"count":1,"href":"https:\/\/www.toque-musicall.com\/index.php?rest_route=\/wp\/v2\/posts\/5601\/revisions"}],"predecessor-version":[{"id":5602,"href":"https:\/\/www.toque-musicall.com\/index.php?rest_route=\/wp\/v2\/posts\/5601\/revisions\/5602"}],"wp:attachment":[{"href":"https:\/\/www.toque-musicall.com\/index.php?rest_route=%2Fwp%2Fv2%2Fmedia&parent=5601"}],"wp:term":[{"taxonomy":"category","embeddable":true,"href":"https:\/\/www.toque-musicall.com\/index.php?rest_route=%2Fwp%2Fv2%2Fcategories&post=5601"},{"taxonomy":"post_tag","embeddable":true,"href":"https:\/\/www.toque-musicall.com\/index.php?rest_route=%2Fwp%2Fv2%2Ftags&post=5601"}],"curies":[{"name":"wp","href":"https:\/\/api.w.org\/{rel}","templated":true}]}}