{"id":561,"date":"2011-02-07T10:50:00","date_gmt":"2011-02-07T10:50:00","guid":{"rendered":"http:\/\/www.toque-musicall.com\/?p=561"},"modified":"2011-02-07T10:50:00","modified_gmt":"2011-02-07T10:50:00","slug":"radames-gnatalli-concerto-para-harmonica-de-boca-e-orquestra-brasiliana-no-3-1961","status":"publish","type":"post","link":"https:\/\/www.toque-musicall.com\/?p=561","title":{"rendered":"Radam\u00e9s Gnatalli &#8211; Concerto Para Harmonica De Boca E Orquestra &#8211; Brasiliana n\u00ba 3 (1961)"},"content":{"rendered":"<p><a href=\"http:\/\/2.bp.blogspot.com\/_DSKVEvHtskc\/TU_OdKbseXI\/AAAAAAAAHp8\/52KOFjCkETs\/s1600\/radam%25C3%25A9s+P.JPG\"><img decoding=\"async\" style=\"text-align: center; margin: 0px auto 10px; width: 399px; display: block; height: 400px;\" id=\"BLOGGER_PHOTO_ID_5570898264492636530\" alt=\"\" src=\"http:\/\/2.bp.blogspot.com\/_DSKVEvHtskc\/TU_OdKbseXI\/AAAAAAAAHp8\/52KOFjCkETs\/s400\/radam%25C3%25A9s+P.JPG\" border=\"0\" \/><\/a>Eis aqui um disco raro, objeto de desejo de muitos colecionadores e de pesquisa, ou puro deleite, para quem escuta m\u00fasica com outros olhos. Uma atra\u00e7\u00e3o \u00e0 parte e especial que com toda certeza ir\u00e1 avivar os olhos e ouvidos dos meus amigos cultos e ocultos. Tenho hoje para voc\u00eas, o aclamado, \u201cConcerto para Harm\u00f4nica de Boca e Orquestra&#8221; de Radam\u00e9s Gnatalli. Uma pe\u00e7a muito comentada, inclusive aqui no Toque Musical, mas que at\u00e9 hoje continuava escondida, recolhida como a grande maioria dos discos produzidos pelo selo Festa. Recementemente a Tratore Discos relan\u00e7ou uma dezena de t\u00edtulos da gravadora de Irineu Garcia, mas se esqueceu deste que \u00e9 talvez um dos mais raros e importantes discos de seu cat\u00e1logo. Trata-se, obviamente, de um \u00e1lbum de m\u00fasica erudita, o que de uma certa forma, comercialmente e no Brasil, n\u00e3o seria muito \u2018produtivo\u2019. Mas este disco tem uma import\u00e2ncia tamb\u00e9m hist\u00f3rica, ou por outra, tem uma hist\u00f3ria que precisa ser ouvida.<br \/>Temos aqui o Maestro Radam\u00e9s Gnatalli com a Orquestra Sinf\u00f4nica Brasileira apresentando duas de suas pe\u00e7as em momentos distintos. O primeiro e principal, \u201cConcerto para harm\u00f4nica de boca e orquestra\u201d, dedicado ao amigo, o gaitista Edu da Gaita, gravado ao vivo na estr\u00e9ia, no Teatro Municipal do Rio de Janeiro, em novembro de 1958. Contou com a participa\u00e7\u00e3o do homenageado, Edu (da gaita) Nadruz, como solista. O segundo momento, tamb\u00e9m gravado ao vivo no Teatro Municipal do Rio de Janeiro, aconteceu no m\u00eas de julho do ano seguinte, por ocasi\u00e3o do Festival Radam\u00e9s Gnatalli.<br \/>N\u00e3o vou entrar em detalhes sobre esses trabalhos, deixando que a contracapa e os coment\u00e1rios generosos complementem nossa postagem. A intera\u00e7\u00e3o \u00e9 fundamental!<br \/>Este \u00e1lbum, eu n\u00e3o soube precisar a data de seu lan\u00e7amento, mas suponho que tenha sido em 1960 ou 61. Outra curiosidade: nunca tive nas m\u00e3os um disco \u2018cinquent\u00e3o\u2019 t\u00e3o novinho. Acredito que este lp nunca chegou a ser tocado por uma agulha. \u00c9 mesmo de dar gosto \ud83d\ude42 Salve S\u00e3o Pampani! Obrigad\u00e3o!<br \/>.<\/p>\n<div><\/div>\n<div align=\"center\">concerto para harmonica de boca:<\/div>\n<div align=\"center\">allegro moderato<\/div>\n<div align=\"center\">lento e expressivo<\/div>\n<div align=\"center\">allegro marcato<\/div>\n<div align=\"center\">brasiliana n\u00ba 3:<\/div>\n<div align=\"center\">pampeano (allegro moderato)<\/div>\n<div align=\"center\">modinha (adagio)<\/div>\n<div align=\"center\">roj\u00e3o (allegretto mosso)<\/div>\n<div align=\"center\">capoeira (vivo)<\/p>\n<p><\/div>\n<div align=\"center\"><\/div>\n<div align=\"center\"><\/div>\n","protected":false},"excerpt":{"rendered":"<p>Eis aqui um disco raro, objeto de desejo de muitos colecionadores e de pesquisa, ou puro deleite, para quem escuta m\u00fasica com outros olhos. Uma atra\u00e7\u00e3o \u00e0 parte e especial que com toda certeza ir\u00e1 avivar os olhos e ouvidos &hellip; <a href=\"https:\/\/www.toque-musicall.com\/?p=561\">Continue lendo <span class=\"meta-nav\">&rarr;<\/span><\/a><\/p>\n","protected":false},"author":1,"featured_media":0,"comment_status":"open","ping_status":"closed","sticky":false,"template":"","format":"standard","meta":{"footnotes":""},"categories":[76,852,517],"tags":[],"class_list":["post-561","post","type-post","status-publish","format-standard","hentry","category-edu-da-gaita","category-radames-gnatalli","category-selo-festa"],"_links":{"self":[{"href":"https:\/\/www.toque-musicall.com\/index.php?rest_route=\/wp\/v2\/posts\/561","targetHints":{"allow":["GET"]}}],"collection":[{"href":"https:\/\/www.toque-musicall.com\/index.php?rest_route=\/wp\/v2\/posts"}],"about":[{"href":"https:\/\/www.toque-musicall.com\/index.php?rest_route=\/wp\/v2\/types\/post"}],"author":[{"embeddable":true,"href":"https:\/\/www.toque-musicall.com\/index.php?rest_route=\/wp\/v2\/users\/1"}],"replies":[{"embeddable":true,"href":"https:\/\/www.toque-musicall.com\/index.php?rest_route=%2Fwp%2Fv2%2Fcomments&post=561"}],"version-history":[{"count":0,"href":"https:\/\/www.toque-musicall.com\/index.php?rest_route=\/wp\/v2\/posts\/561\/revisions"}],"wp:attachment":[{"href":"https:\/\/www.toque-musicall.com\/index.php?rest_route=%2Fwp%2Fv2%2Fmedia&parent=561"}],"wp:term":[{"taxonomy":"category","embeddable":true,"href":"https:\/\/www.toque-musicall.com\/index.php?rest_route=%2Fwp%2Fv2%2Fcategories&post=561"},{"taxonomy":"post_tag","embeddable":true,"href":"https:\/\/www.toque-musicall.com\/index.php?rest_route=%2Fwp%2Fv2%2Ftags&post=561"}],"curies":[{"name":"wp","href":"https:\/\/api.w.org\/{rel}","templated":true}]}}