{"id":5611,"date":"2016-06-30T07:53:09","date_gmt":"2016-06-30T10:53:09","guid":{"rendered":"http:\/\/www.toque-musicall.com\/?p=5611"},"modified":"2016-07-02T07:59:29","modified_gmt":"2016-07-02T10:59:29","slug":"elebra-6-memoria-solistas-brasileiros-1989","status":"publish","type":"post","link":"https:\/\/www.toque-musicall.com\/?p=5611","title":{"rendered":"Elebra 6 &#8211; Mem\u00f3ria &#8211; Solistas Brasileiros (1989)"},"content":{"rendered":"<p><img loading=\"lazy\" decoding=\"async\" class=\"aligncenter\" src=\"https:\/\/3.bp.blogspot.com\/-VjpFBn8YyXE\/V3eYeefH_4I\/AAAAAAAANDc\/BZWOtlKLdGooy4LDiYKQHhMHffYxkKGygCLcB\/s640\/capa6.JPG\" width=\"637\" height=\"640\" \/><img loading=\"lazy\" decoding=\"async\" class=\"aligncenter\" src=\"https:\/\/1.bp.blogspot.com\/-IRX_5D4o8G8\/V3eYl5CWidI\/AAAAAAAANDg\/NLgmV-RYgoMSQkNCezH8H5dF_yQLvXixACLcB\/s640\/contra%2B6.JPG\" width=\"640\" height=\"633\" \/><\/p>\n<p>O TM tem a grata satisfa\u00e7\u00e3o de oferecer hoje a seus amigos cultos, ocultos e associados o sexto volume da s\u00e9rie \u201cMem\u00f3rias\u201d, produzida sob encomenda da extinta Elebra pelo pesquisador Jo\u00e3o Carlos Botezelli, o Pel\u00e3o, que, como voc\u00eas j\u00e1 viram anteriormente, tem a seu credito in\u00fameros trabalhos importantes da discografia tupiniquim, como o primeiro LP de Cartola e os dois primeiros de Adoniran Barbosa.\u00a0Este sexto LP da s\u00e9rie, editado em 1989 para distribui\u00e7\u00e3o gratuita aos clientes da extinta empresa de inform\u00e1tica, com incentivo de lei governamental, tem o nome de \u201cSolistas brasileiros\u201d. Como escreveu na contracapa o pr\u00f3prio Pel\u00e3o, \u201c\u00e9 mais uma homenagem da Elebra \u00e0 sensibilidade, ao talento e \u00e0 compet\u00eancia do m\u00fasico brasileiro\u201d. Vem, tamb\u00e9m, a ser uma just\u00edssima homenagem ao pianista e maestro Radam\u00e9s Gnattali (Porto Alegre, RS, 27\/1\/1906-Rio de Janeiro, 13\/2\/1988), com faixas executadas por ele mesmo e seus disc\u00edpulos. Gravado em est\u00fadios do Rio de Janeiro, Bras\u00edlia, S\u00e3o Paulo, Recife e Porto Alegre, j\u00e1 se utilizando da tecnologia digital (o que garante a qualidade t\u00e9cnica), \u00e9 mais um trabalho impec\u00e1vel de Pel\u00e3o, reunindo cl\u00e1ssicos inesquec\u00edveis e at\u00e9 hoje relembrados. Abrindo o disco, o pr\u00f3prio Radam\u00e9s sola ao piano o choro \u201cCarinhoso\u201d, do mestre Pixinguinha. Rafael Rabello, violonista prematuramente desaparecido, vem com o samba-can\u00e7\u00e3o \u201cMolambo\u201d, de Meira e Augusto Mesquita. Joel do Bandolim sola o antol\u00f3gico bolero \u201cDois pra l\u00e1, dois pra c\u00e1\u201d, um dos primeiros hits da dupla Jo\u00e3o Bosco-Aldir Blanc. Chiquinho do Acordeom executa outro samba-can\u00e7\u00e3o c\u00e9lebre, \u201cBalada triste\u201d, de Dalton Vogeler e Esdras Silva. Em seguida uma curiosa interpreta\u00e7\u00e3o para \u201cNossos momentos\u201d, da parceria Haroldo Barbosa-Luiz Reis, a cargo do contrabaixista Toinho Alves, que tamb\u00e9m faz um interessante \u201cvocalize\u201d. \u201cPois \u00e9\u201d, samba de Ataulfo Alves, \u00e9 executado ao cavaquinho\u00a0 por um verdadeiro \u201ccobra\u201d do instrumento, Henrique Cazes. A viola caipira de Roberto Corr\u00eaa traz a nossos ouvidos a cl\u00e1ssica toada \u201cTristeza do jeca\u201d, de Angelino de Oliveira. O pianista La\u00e9rcio de Freitas nos traz \u201cCe\u00fa e mar\u201d, obra-prima de Johnny Alf. Z\u00e9 Gomes, craque da rabeca, executa \u201cMaria\u201d, samba-can\u00e7\u00e3o de Ary Barroso e Luiz Peixoto. Rildo Hora sola, com sua gaita, \u201cA noite do meu bem\u201d, de Dolores Duran. O violonista Israel sola depois \u201cAgora \u00e9 cinza\u201d, samba da parceria Bide-Mar\u00e7al. Por fim, a n\u00e3o menos antol\u00f3gica \u201cCan\u00e7\u00e3o de amor\u201d, de Chocolate e Elano de Paula, nos floreados da flauta de Plauto Cruz. Tudo isso em um trabalho primoroso, antol\u00f3gico, verdadeiro tributo a Radam\u00e9s Gnattali\u00a0 e seus disc\u00edpulos. Simplesmente irresist\u00edvel!<\/p>\n<p style=\"text-align: center;\">carinhoso &#8211; radam\u00e9s gmattali<\/p>\n<p style=\"text-align: center;\">molambo &#8211; rafael rabelo<\/p>\n<p style=\"text-align: center;\">dois pr\u00e1 l\u00e1, dois pr\u00e1 c\u00e1 &#8211; joel do bandolim<\/p>\n<p style=\"text-align: center;\">balada triste &#8211; chiquinho do acordeon<\/p>\n<p style=\"text-align: center;\">nossos momentos &#8211; antonio alves<\/p>\n<p style=\"text-align: center;\">pois \u00e9 &#8211; henrique cazes<\/p>\n<p style=\"text-align: center;\">tristeza do jeca &#8211; roberto correa<\/p>\n<p style=\"text-align: center;\">c\u00e9u e mar &#8211; la\u00e9rcio freitas<\/p>\n<p style=\"text-align: center;\">maria &#8211; z\u00e9 gomes<\/p>\n<p style=\"text-align: center;\">a noite do meu bem &#8211; rildo hora<\/p>\n<p style=\"text-align: center;\">agora \u00e9 cinza &#8211; bide e mar\u00e7al<\/p>\n<p style=\"text-align: center;\">can\u00e7\u00e3o de amor &#8211; plauto cruz<\/p>\n<p style=\"text-align: center;\">.<\/p>\n","protected":false},"excerpt":{"rendered":"<p>O TM tem a grata satisfa\u00e7\u00e3o de oferecer hoje a seus amigos cultos, ocultos e associados o sexto volume da s\u00e9rie \u201cMem\u00f3rias\u201d, produzida sob encomenda da extinta Elebra pelo pesquisador Jo\u00e3o Carlos Botezelli, o Pel\u00e3o, que, como voc\u00eas j\u00e1 viram &hellip; <a href=\"https:\/\/www.toque-musicall.com\/?p=5611\">Continue lendo <span class=\"meta-nav\">&rarr;<\/span><\/a><\/p>\n","protected":false},"author":1,"featured_media":0,"comment_status":"open","ping_status":"closed","sticky":false,"template":"","format":"standard","meta":{"footnotes":""},"categories":[2712,1229,123,396,988,849,25],"tags":[],"class_list":["post-5611","post","type-post","status-publish","format-standard","hentry","category-bide-marcal","category-chiquinho-do-acordeon","category-henrique-cazes","category-radames-gnattali","category-rafael-rabello","category-roberto-correa","category-selo-independente"],"_links":{"self":[{"href":"https:\/\/www.toque-musicall.com\/index.php?rest_route=\/wp\/v2\/posts\/5611","targetHints":{"allow":["GET"]}}],"collection":[{"href":"https:\/\/www.toque-musicall.com\/index.php?rest_route=\/wp\/v2\/posts"}],"about":[{"href":"https:\/\/www.toque-musicall.com\/index.php?rest_route=\/wp\/v2\/types\/post"}],"author":[{"embeddable":true,"href":"https:\/\/www.toque-musicall.com\/index.php?rest_route=\/wp\/v2\/users\/1"}],"replies":[{"embeddable":true,"href":"https:\/\/www.toque-musicall.com\/index.php?rest_route=%2Fwp%2Fv2%2Fcomments&post=5611"}],"version-history":[{"count":1,"href":"https:\/\/www.toque-musicall.com\/index.php?rest_route=\/wp\/v2\/posts\/5611\/revisions"}],"predecessor-version":[{"id":5612,"href":"https:\/\/www.toque-musicall.com\/index.php?rest_route=\/wp\/v2\/posts\/5611\/revisions\/5612"}],"wp:attachment":[{"href":"https:\/\/www.toque-musicall.com\/index.php?rest_route=%2Fwp%2Fv2%2Fmedia&parent=5611"}],"wp:term":[{"taxonomy":"category","embeddable":true,"href":"https:\/\/www.toque-musicall.com\/index.php?rest_route=%2Fwp%2Fv2%2Fcategories&post=5611"},{"taxonomy":"post_tag","embeddable":true,"href":"https:\/\/www.toque-musicall.com\/index.php?rest_route=%2Fwp%2Fv2%2Ftags&post=5611"}],"curies":[{"name":"wp","href":"https:\/\/api.w.org\/{rel}","templated":true}]}}