{"id":5613,"date":"2016-07-02T16:44:36","date_gmt":"2016-07-02T19:44:36","guid":{"rendered":"http:\/\/www.toque-musicall.com\/?p=5613"},"modified":"2016-07-03T16:46:13","modified_gmt":"2016-07-03T19:46:13","slug":"zimbo-trio-cordas-vol-2-1968","status":"publish","type":"post","link":"https:\/\/www.toque-musicall.com\/?p=5613","title":{"rendered":"Zimbo Trio + Cordas Vol. 2 (1968)"},"content":{"rendered":"<p><img loading=\"lazy\" decoding=\"async\" class=\"aligncenter\" src=\"https:\/\/4.bp.blogspot.com\/-h8uBWzfbFIQ\/V3llVHrNVlI\/AAAAAAAAND0\/Fi6a59Iczt83uMgzAS-j8CnYSBc6pFdPwCLcB\/s640\/capap.JPG\" width=\"640\" height=\"634\" \/><img loading=\"lazy\" decoding=\"async\" class=\"aligncenter\" src=\"https:\/\/2.bp.blogspot.com\/-00KJm_pOKpI\/V3llVcXHvuI\/AAAAAAAAND4\/6v64inBSopwXikFvD-JrGsaUrcPpNUTXQCLcB\/s640\/contrap.JPG\" width=\"640\" height=\"637\" \/><\/p>\n<p>Boa tarde, meus prezados amigos cultos e ocultos! Enfim, chegamos no m\u00eas de julho. M\u00eas de anivers\u00e1rio do blog Toque Musical. Neste ano estamos completando 9 anos de atividades. Por conta disso e tamb\u00e9m por outras coisas, vou fazer o poss\u00edvel para neste m\u00eas termos postagens di\u00e1rias, como sempre foi por aqui. Para a sorte de voc\u00eas, neste m\u00eas eu estou de f\u00e9rias e n\u00e3o pretendo viajar. Consequentemente, terei todo o tempo do mundo para incrementar nossas postagens. Vamos ver se rola tudo certo.<br \/>\nCome\u00e7ando as postagens de anivers\u00e1rio, eu trago hoje e mais uma vez, o excelente Zimbo Trio. Ali\u00e1s, \u00e9 bom dizer, acho que agora tenho todos os disco do Zimbo, gra\u00e7as ao bom amigo F\u00e1res, que muito tem contribu\u00eddo para a nossa sobreviv\u00eancia. Ao longo do tempo irei postando todos os que faltam, ok? Segue aqui o Zimbo Trio + Cordas Vol. 2, disco que deu sequ\u00eancia ao sucesso do primeiro, onde o trio, fornado por Luiz Chaves, Amilton Godoy e Rubinho \u00e9 acompanhado por violinos, violas e celos. Eu ainda n\u00e3o postei o primeiro volume, mas em breve ele tamb\u00e9m estar\u00e1 aqui. O repert\u00f3rio do disco que apresento aqui \u00e9 dos mais interessantes, com um bocado de m\u00fasicas do Chico Buarque e de quebra ainda tem a m\u00fasica de Milton Nascimento, Gilberto Gil e do Adylson Godoy, irm\u00e3o do Amilton. Confiram&#8230;<\/p>\n<div style=\"text-align: center;\">roda viva<\/div>\n<div style=\"text-align: center;\">at\u00e9 segunda feira<\/div>\n<div style=\"text-align: center;\">amor de carnaval<\/div>\n<div style=\"text-align: center;\">manh\u00e3 de primavera<\/div>\n<div style=\"text-align: center;\">travessia<\/div>\n<div style=\"text-align: center;\">domingo no parque<\/div>\n<div style=\"text-align: center;\">carolina<\/div>\n<div style=\"text-align: center;\">janu\u00e1ria<\/div>\n<div style=\"text-align: center;\">at\u00e9 pensei<\/div>\n<div style=\"text-align: center;\">amanh\u00e3, ningu\u00e9m sabe<\/div>\n<div style=\"text-align: center;\"><\/div>\n<div style=\"text-align: center;\">.<\/div>\n","protected":false},"excerpt":{"rendered":"<p>Boa tarde, meus prezados amigos cultos e ocultos! Enfim, chegamos no m\u00eas de julho. M\u00eas de anivers\u00e1rio do blog Toque Musical. Neste ano estamos completando 9 anos de atividades. Por conta disso e tamb\u00e9m por outras coisas, vou fazer o &hellip; <a href=\"https:\/\/www.toque-musicall.com\/?p=5613\">Continue lendo <span class=\"meta-nav\">&rarr;<\/span><\/a><\/p>\n","protected":false},"author":1,"featured_media":0,"comment_status":"open","ping_status":"closed","sticky":false,"template":"","format":"standard","meta":{"footnotes":""},"categories":[153,941],"tags":[],"class_list":["post-5613","post","type-post","status-publish","format-standard","hentry","category-selo-rge","category-zimbo-trio"],"_links":{"self":[{"href":"https:\/\/www.toque-musicall.com\/index.php?rest_route=\/wp\/v2\/posts\/5613","targetHints":{"allow":["GET"]}}],"collection":[{"href":"https:\/\/www.toque-musicall.com\/index.php?rest_route=\/wp\/v2\/posts"}],"about":[{"href":"https:\/\/www.toque-musicall.com\/index.php?rest_route=\/wp\/v2\/types\/post"}],"author":[{"embeddable":true,"href":"https:\/\/www.toque-musicall.com\/index.php?rest_route=\/wp\/v2\/users\/1"}],"replies":[{"embeddable":true,"href":"https:\/\/www.toque-musicall.com\/index.php?rest_route=%2Fwp%2Fv2%2Fcomments&post=5613"}],"version-history":[{"count":1,"href":"https:\/\/www.toque-musicall.com\/index.php?rest_route=\/wp\/v2\/posts\/5613\/revisions"}],"predecessor-version":[{"id":5614,"href":"https:\/\/www.toque-musicall.com\/index.php?rest_route=\/wp\/v2\/posts\/5613\/revisions\/5614"}],"wp:attachment":[{"href":"https:\/\/www.toque-musicall.com\/index.php?rest_route=%2Fwp%2Fv2%2Fmedia&parent=5613"}],"wp:term":[{"taxonomy":"category","embeddable":true,"href":"https:\/\/www.toque-musicall.com\/index.php?rest_route=%2Fwp%2Fv2%2Fcategories&post=5613"},{"taxonomy":"post_tag","embeddable":true,"href":"https:\/\/www.toque-musicall.com\/index.php?rest_route=%2Fwp%2Fv2%2Ftags&post=5613"}],"curies":[{"name":"wp","href":"https:\/\/api.w.org\/{rel}","templated":true}]}}