{"id":5637,"date":"2016-07-12T09:34:07","date_gmt":"2016-07-12T12:34:07","guid":{"rendered":"http:\/\/www.toque-musicall.com\/?p=5637"},"modified":"2016-07-13T09:45:03","modified_gmt":"2016-07-13T12:45:03","slug":"jul-12-asas-da-america-1979-1980-1981-1983-e-1989","status":"publish","type":"post","link":"https:\/\/www.toque-musicall.com\/?p=5637","title":{"rendered":"Asas Da Am\u00e9rica (1979), (1980), (1981), (1983) e (1989)"},"content":{"rendered":"<p><img loading=\"lazy\" decoding=\"async\" class=\"aligncenter\" src=\"https:\/\/3.bp.blogspot.com\/-tdVDH999heU\/V4Yyw8JC-xI\/AAAAAAAANG4\/-m0z8XieNikYKoJib2LljtZOk-ouursfwCLcB\/s640\/capa1.JPG\" width=\"640\" height=\"631\" \/><img loading=\"lazy\" decoding=\"async\" class=\"aligncenter\" src=\"https:\/\/2.bp.blogspot.com\/-TP5EjQXO1sk\/V4YywQvZ2FI\/AAAAAAAANG0\/tDXUBR0qkPgYnUuLi296WsBoTIUIHTSXgCLcB\/s640\/capa2.JPG\" width=\"639\" height=\"640\" \/><img loading=\"lazy\" decoding=\"async\" class=\"aligncenter\" src=\"https:\/\/1.bp.blogspot.com\/-TAYvj-m9E4E\/V4YyxwxhM1I\/AAAAAAAANHA\/A_DLdXy_qhMv96bXeZGyqG7ptwpYdy9HQCLcB\/s640\/capa3.JPG\" width=\"640\" height=\"634\" \/><img loading=\"lazy\" decoding=\"async\" class=\"aligncenter\" src=\"https:\/\/2.bp.blogspot.com\/-BE-kG3KY1DE\/V4Yyx-rf4PI\/AAAAAAAANHE\/KXzgd_wS9O8LiUj3s3NG0jXTIcryMS0JwCLcB\/s640\/capa%2Brca4.JPG\" width=\"633\" height=\"640\" \/><img loading=\"lazy\" decoding=\"async\" class=\"aligncenter\" src=\"https:\/\/1.bp.blogspot.com\/-iI2_xfZ3Mv4\/V4Yyx0mRWSI\/AAAAAAAANG8\/UwzNxpC8jyIVxRZInBxv2v4wNa8AwpQPgCLcB\/s640\/capap5.JPG\" width=\"640\" height=\"632\" \/><img loading=\"lazy\" decoding=\"async\" class=\"aligncenter\" src=\"https:\/\/2.bp.blogspot.com\/-mD7CNK9iRwc\/V4Yyy8KObQI\/AAAAAAAANHM\/UmFMogW1G0wX28HdlJuAHCa837vv_8LvACLcB\/s640\/contar%2Brca4.JPG\" width=\"640\" height=\"637\" \/><img loading=\"lazy\" decoding=\"async\" class=\"aligncenter\" src=\"https:\/\/2.bp.blogspot.com\/-83OsqZ5LDv4\/V4YyzFA_71I\/AAAAAAAANHQ\/66KM4vmo_LANXbNhUTiJ_nUPQRZL37YKgCLcB\/s640\/contra1.JPG\" width=\"636\" height=\"640\" \/><img loading=\"lazy\" decoding=\"async\" class=\"aligncenter\" src=\"https:\/\/1.bp.blogspot.com\/-E2XegMtkmJk\/V4Yyy8nh52I\/AAAAAAAANHI\/HpY35EtkKL8D9lN9b_lhwo0XBFOfdsnXQCLcB\/s640\/contra2.JPG\" width=\"627\" height=\"640\" \/><img loading=\"lazy\" decoding=\"async\" class=\"aligncenter\" src=\"https:\/\/2.bp.blogspot.com\/-mjJiiimZhYE\/V4YyzpS4d7I\/AAAAAAAANHU\/YfzICr0j3n8suN-l-GfoHhIHXMK7be-UACLcB\/s640\/contra3.JPG\" width=\"640\" height=\"632\" \/><img loading=\"lazy\" decoding=\"async\" class=\"aligncenter\" src=\"https:\/\/3.bp.blogspot.com\/--VKgrBIwezw\/V4Yyzl9rsVI\/AAAAAAAANHY\/PU_Af5cFf_86Q7RHG5fykh3ItGzBU4hRgCLcB\/s640\/contra5.JPG\" width=\"639\" height=\"640\" \/><\/p>\n<p>Ol\u00e1, amigos cultos, ocultos e associados! O TM oferece hoje a voc\u00eas os cinco primeiros \u00e1lbuns do projeto Asas da Am\u00e9rica, idealizado pelo cantor e compositor Carlos Fernando, lan\u00e7ados entre 1979 e 1989. Nascido em Caruaru, Pernambuco, em 1938, Carlos Fernando se notabilizou por misturar o frevo \u00e0 MPB, o jazz ao forr\u00f3 e muitas outras inova\u00e7\u00f5es, em 40 anos de carreira. Chegou a escrever uma pe\u00e7a de teatro, \u201cA chegada de Lampi\u00e3o no inferno\u201d, baseada em livro de cordel escrito por Jos\u00e9 Pacheco. A pe\u00e7a inspirou, posteriormente, sua primeira composi\u00e7\u00e3o musical, \u201cAquela rosa\u201d, de parceria com Geraldo Azevedo (com quem at\u00e9 apresentou um programa de televis\u00e3o no Recife), vencedora, em 1967, da Primeira Feira Nordestina de M\u00fasica Popular, defendida por Teca Calazans, dividindo o pr\u00eamio com \u201cChegan\u00e7a de fim de tarde\u201d, de Marcus Vin\u00edcius. Morando no Rio de Janeiro, Carlos Fernando firmou-se como compositor, e teve m\u00fasicas gravadas pelos maiores nomes da MPB em seu tempo, v\u00e1rios deles presentes nos \u00e1lbuns que hoje o TM nos oferece. Concebeu trabalhos tamb\u00e9m para a televis\u00e3o (\u201cSaramandaia\u201d, \u201cS\u00edtio do Pica-Pau Amarelo\u201d) e cinema (\u201cP\u00e1triamada\u201d, filme dirigido por Tizuka Yamazaki). Entre seus maiores sucessos, ambos gravados por Elba Ramalho, est\u00e3o \u201cCanta, cora\u00e7\u00e3o\u201d e \u201cBanho de cheiro\u201d (este \u00faltimo aqui presente). Falecido em primeiro de setembro de 2013, no Recife, aos 75 anos, de c\u00e2ncer na pr\u00f3stata, Carlos Fernando recebeu, um ano mais tarde, um espa\u00e7o dedicado \u00e0 sua mem\u00f3ria no Museu Memorial de Caruaru, al\u00e9m de uma homenagem na tradicional festa de S\u00e3o Jo\u00e3o do munic\u00edpio. Sem d\u00favida, a s\u00e9rie \u201cAsas da Am\u00e9rica\u201d foi (e ainda \u00e9) o maior legado de Carlos Fernando. Ele deu tratamento pop e futurista ao frevo, acelerando-lhe o andamento e introduzindo arranjos contempor\u00e2neos, com guitarra e teclados, fazendo o carnaval pernambucano voltar a ter uma trilha sonora contempor\u00e2nea. Parcela importante da s\u00e9rie nos \u00e9 oferecida hoje pelo TM, atrav\u00e9s de seus primeiros cinco \u00e1lbuns, que apresentam composi\u00e7\u00f5es n\u00e3o s\u00f3 do pr\u00f3prio Carlos Fernando como tamb\u00e9m de outros autores.\u00a0 Entre os int\u00e9rpretes, nomes de v\u00e1rias tend\u00eancias e g\u00eaneros da MPB: Jackson do Pandeiro, Fagner, Amelinha, Elba Ramalho, Alceu Valen\u00e7a, Chico Buarque, Gilberto Gil, Juarez Ara\u00fajo, MPB-4, Alceu Valen\u00e7a, o pr\u00f3prio conterr\u00e2neo Geraldo Azevedo, Robertinho de Recife, As Fren\u00e9ticas, Michael Sullivan, Trem da Alegria, Lulu Santos&#8230; Os dois primeiros discos foram lan\u00e7ados pela CBS (hoje Sony Music), selo Epic, em 1979-80, o de 1981 pela Ariola, o de 1983 pela Barclay (sucessora da Ariola, que passou a adotar esse nome ap\u00f3s sua venda para a Polygram, hoje Universal Music) e o de 1989 pela RCA\/BMG, hoje tamb\u00e9m Sony Music. \u00c9 no \u00e1lbum de 1983, inclusive, que est\u00e1 um dos maiores hits autorais de Carlos Fernando, \u201cBanho de cheiro\u201d, na interpreta\u00e7\u00e3o inesquec\u00edvel de Elba Ramalho, sucesso absoluto durante o carnaval de 84 e depois do mesmo, e regravada seis anos depois por Alcione em outro disco da s\u00e9rie aqui inclu\u00eddo, o de 1989. Outro destaque fica por conta de \u201cNoites olindenses\u201d, que abre esse mesmo volume, na voz de Caetano Veloso. Nele, Z\u00e9 Ramalho regrava \u201cFrevo mulher\u201d (sucesso na voz de sua ex-esposa, Amelinha), Moraes Moreira revive seu cl\u00e1ssico \u201cFesta do interior\u201d e aparece at\u00e9 mesmo uma inacredit\u00e1vel interpreta\u00e7\u00e3o do roqueiro Lulu Santos para \u201cAtr\u00e1s do trio el\u00e9trico\u201d, de Caetano.\u00a0 Uma quina primorosa de documentos discogr\u00e1fico-musicais, que representa, sem d\u00favida, o melhor do precioso legado de Carlos Fernando como compositor e produtor musical. E ainda viriam mais dois LPs, em 1993, e 1995, este \u00faltimo destinado ao p\u00fablico infantil (\u201cAsinhas da Am\u00e9rica \u2013 O pinto da madrugada\u201d). Agora \u00e9 azeitar as canelas e frevar at\u00e9 se acabar!<\/p>\n<p>* Texto de Samuel Machado Filho<\/p>\n","protected":false},"excerpt":{"rendered":"<p>Ol\u00e1, amigos cultos, ocultos e associados! O TM oferece hoje a voc\u00eas os cinco primeiros \u00e1lbuns do projeto Asas da Am\u00e9rica, idealizado pelo cantor e compositor Carlos Fernando, lan\u00e7ados entre 1979 e 1989. Nascido em Caruaru, Pernambuco, em 1938, Carlos &hellip; <a href=\"https:\/\/www.toque-musicall.com\/?p=5637\">Continue lendo <span class=\"meta-nav\">&rarr;<\/span><\/a><\/p>\n","protected":false},"author":1,"featured_media":0,"comment_status":"open","ping_status":"closed","sticky":false,"template":"","format":"standard","meta":{"footnotes":""},"categories":[2717,263,533,576,178,624,70],"tags":[],"class_list":["post-5637","post","type-post","status-publish","format-standard","hentry","category-asas-da-america","category-carnaval","category-selo-ariola","category-selo-barclay","category-selo-cbs","category-selo-epic","category-selo-rca-victor"],"_links":{"self":[{"href":"https:\/\/www.toque-musicall.com\/index.php?rest_route=\/wp\/v2\/posts\/5637","targetHints":{"allow":["GET"]}}],"collection":[{"href":"https:\/\/www.toque-musicall.com\/index.php?rest_route=\/wp\/v2\/posts"}],"about":[{"href":"https:\/\/www.toque-musicall.com\/index.php?rest_route=\/wp\/v2\/types\/post"}],"author":[{"embeddable":true,"href":"https:\/\/www.toque-musicall.com\/index.php?rest_route=\/wp\/v2\/users\/1"}],"replies":[{"embeddable":true,"href":"https:\/\/www.toque-musicall.com\/index.php?rest_route=%2Fwp%2Fv2%2Fcomments&post=5637"}],"version-history":[{"count":2,"href":"https:\/\/www.toque-musicall.com\/index.php?rest_route=\/wp\/v2\/posts\/5637\/revisions"}],"predecessor-version":[{"id":5639,"href":"https:\/\/www.toque-musicall.com\/index.php?rest_route=\/wp\/v2\/posts\/5637\/revisions\/5639"}],"wp:attachment":[{"href":"https:\/\/www.toque-musicall.com\/index.php?rest_route=%2Fwp%2Fv2%2Fmedia&parent=5637"}],"wp:term":[{"taxonomy":"category","embeddable":true,"href":"https:\/\/www.toque-musicall.com\/index.php?rest_route=%2Fwp%2Fv2%2Fcategories&post=5637"},{"taxonomy":"post_tag","embeddable":true,"href":"https:\/\/www.toque-musicall.com\/index.php?rest_route=%2Fwp%2Fv2%2Ftags&post=5637"}],"curies":[{"name":"wp","href":"https:\/\/api.w.org\/{rel}","templated":true}]}}