{"id":565,"date":"2011-02-03T07:58:00","date_gmt":"2011-02-03T07:58:00","guid":{"rendered":"http:\/\/www.toque-musicall.com\/?p=565"},"modified":"2011-02-03T07:58:00","modified_gmt":"2011-02-03T07:58:00","slug":"isaura-garcia-1961","status":"publish","type":"post","link":"https:\/\/www.toque-musicall.com\/?p=565","title":{"rendered":"Isaura Garcia (1961)"},"content":{"rendered":"<p><a href=\"http:\/\/3.bp.blogspot.com\/_DSKVEvHtskc\/TUp7MxqTJXI\/AAAAAAAAHpM\/N3lbNYLLJQY\/s1600\/isaura+P.JPG\"><img decoding=\"async\" style=\"text-align: center; margin: 0px auto 10px; width: 393px; display: block; height: 400px;\" id=\"BLOGGER_PHOTO_ID_5569399348616439154\" alt=\"\" src=\"http:\/\/3.bp.blogspot.com\/_DSKVEvHtskc\/TUp7MxqTJXI\/AAAAAAAAHpM\/N3lbNYLLJQY\/s400\/isaura+P.JPG\" border=\"0\" \/><\/a>Bom dia a todos! Tenho ficado muito feliz e animado com os coment\u00e1rios em nosso Toque Musical. A participa\u00e7\u00e3o tem sido crescente, focada e principalmente produtiva, que \u00e9 exatamente um dos objetivos deste blog. N\u00e3o quero apenas ser um fomentador de discos, mas principalmente um aglutinador de ideias, opini\u00f5es e informa\u00e7\u00f5es fonogr\u00e1ficas e musicais. Infelizmente (ou felizmente), eu n\u00e3o sou um estudioso, conhecedor profundo do assunto que escolhi postar. Talvez por isso mesmo, buscando intera\u00e7\u00e3o com o p\u00fablico e contando com seus complementos, colabora\u00e7\u00f5es e ajudas \u00e9 que chegamos onde estamos. Ao longo de quase quatro anos, temos criado la\u00e7os de amizades, aproximando as afinidades e gerando uma verdadeira &#8216;produ\u00e7\u00e3o cultural paralela&#8217;. Estamos criando aqui algo que seria imposs\u00edvel na esfera do convencional. Somos um grupo, uma associa\u00e7\u00e3o por afinidades e interesses. Por isso \u00e9 t\u00e3o importante a participa\u00e7\u00e3o de todos, pois fortalece o grupo e lhe d\u00e1 uma certa legitimidade. Sei que este \u00e9 um assunto pol\u00eamico, principalmente porque, infiltrado entre n\u00f3s est\u00e3o aqueles contr\u00e1rios a tudo isso, seja por se sentirem de alguma forma prejudicados, pela inveja, pela ignor\u00e2ncia ou burrice e at\u00e9 mesmo por serem naturalmente &#8216;do contra&#8217; (nossos famosos chatos de plant\u00e3o). Mas, ao contr\u00e1rio do que parece, a unanimidade n\u00e3o \u00e9 boba e nem burra. Todos n\u00f3s sabemos reconhecer o que \u00e9 do bem e o que \u00e9 do mal. Tenho certeza de que a grande maioria apoia o Toque Musical (putz! at\u00e9 rimou!). Fico mesmo muito feliz e agradecido. Que continue sempre assim \ud83d\ude42<\/p>\n<div>Depois dessa longa introdu\u00e7\u00e3o, vamos ao disco do dia, mas serei breve. Continuando a nossa mostra feminina, trago mais uma vez a cantora <a href=\"http:\/\/toque-musicall.blogspot.com\/search\/label\/Isaura%20Garcia\">Isaura Garcia<\/a>. Neste \u00e1lbum, lan\u00e7ado pela RCA Camden, temos uma colet\u00e2nea reunindo as primeiras grava\u00e7\u00f5es que a cantora fez para a Victor, ainda em 78 rpm Temos aqui uma s\u00e9rie de sambas, um bai\u00e3o e um choro que n\u00e3o me deixa esquecer algumas &#8216;ilustres figuras&#8217; que orbitam o Toque Musical. N\u00e3o deixem de conferir mais este \u00e1lbum raro da <a href=\"http:\/\/toque-musicall.blogspot.com\/search\/label\/Isaura%20Garcia\">Isaura Garcia<\/a>. Vale a pena&#8230; \ud83d\ude09<\/div>\n<div> <\/div>\n<div align=\"center\">mensagem<\/div>\n<div align=\"center\">barulho no morro nunca<\/div>\n<div align=\"center\">duas mulheres e um homem<\/div>\n<div align=\"center\">z\u00e9 do contra<\/div>\n<div align=\"center\">escuta<\/div>\n<div align=\"center\">p\u00e9 de manac\u00e1<\/div>\n<div align=\"center\">edredon vermelho<\/div>\n<div align=\"center\">pode ficar<\/div>\n<div align=\"center\">adivinhe cora\u00e7\u00f5a<\/div>\n<div align=\"center\">aperto de m\u00e3o<\/div>\n<div align=\"center\">dizem<\/p>\n<p><\/div>\n<div align=\"center\"> <\/div>\n<div align=\"center\"> <\/div>\n","protected":false},"excerpt":{"rendered":"<p>Bom dia a todos! Tenho ficado muito feliz e animado com os coment\u00e1rios em nosso Toque Musical. A participa\u00e7\u00e3o tem sido crescente, focada e principalmente produtiva, que \u00e9 exatamente um dos objetivos deste blog. N\u00e3o quero apenas ser um fomentador &hellip; <a href=\"https:\/\/www.toque-musicall.com\/?p=565\">Continue lendo <span class=\"meta-nav\">&rarr;<\/span><\/a><\/p>\n","protected":false},"author":1,"featured_media":0,"comment_status":"open","ping_status":"closed","sticky":false,"template":"","format":"standard","meta":{"footnotes":""},"categories":[713,18],"tags":[],"class_list":["post-565","post","type-post","status-publish","format-standard","hentry","category-isaura-garcia","category-selo-rca"],"_links":{"self":[{"href":"https:\/\/www.toque-musicall.com\/index.php?rest_route=\/wp\/v2\/posts\/565","targetHints":{"allow":["GET"]}}],"collection":[{"href":"https:\/\/www.toque-musicall.com\/index.php?rest_route=\/wp\/v2\/posts"}],"about":[{"href":"https:\/\/www.toque-musicall.com\/index.php?rest_route=\/wp\/v2\/types\/post"}],"author":[{"embeddable":true,"href":"https:\/\/www.toque-musicall.com\/index.php?rest_route=\/wp\/v2\/users\/1"}],"replies":[{"embeddable":true,"href":"https:\/\/www.toque-musicall.com\/index.php?rest_route=%2Fwp%2Fv2%2Fcomments&post=565"}],"version-history":[{"count":0,"href":"https:\/\/www.toque-musicall.com\/index.php?rest_route=\/wp\/v2\/posts\/565\/revisions"}],"wp:attachment":[{"href":"https:\/\/www.toque-musicall.com\/index.php?rest_route=%2Fwp%2Fv2%2Fmedia&parent=565"}],"wp:term":[{"taxonomy":"category","embeddable":true,"href":"https:\/\/www.toque-musicall.com\/index.php?rest_route=%2Fwp%2Fv2%2Fcategories&post=565"},{"taxonomy":"post_tag","embeddable":true,"href":"https:\/\/www.toque-musicall.com\/index.php?rest_route=%2Fwp%2Fv2%2Ftags&post=565"}],"curies":[{"name":"wp","href":"https:\/\/api.w.org\/{rel}","templated":true}]}}