{"id":5652,"date":"2016-07-17T11:26:53","date_gmt":"2016-07-17T14:26:53","guid":{"rendered":"http:\/\/www.toque-musicall.com\/?p=5652"},"modified":"2016-07-19T11:30:16","modified_gmt":"2016-07-19T14:30:16","slug":"chapeuzinho-amarelo-uma-historia-de-chico-buarque-1981","status":"publish","type":"post","link":"https:\/\/www.toque-musicall.com\/?p=5652","title":{"rendered":"Chapeuzinho Amarelo &#8211; Uma Hist\u00f3ria De Chico Buarque (1981)"},"content":{"rendered":"<p><img loading=\"lazy\" decoding=\"async\" class=\"aligncenter\" src=\"https:\/\/1.bp.blogspot.com\/-3SJYLv533KE\/V444ARh4PpI\/AAAAAAAANJc\/SKPo_hUjpgchawEuORdetwZlC3_XnkTygCLcB\/s640\/capap.JPG\" width=\"624\" height=\"640\" \/><img loading=\"lazy\" decoding=\"async\" class=\"aligncenter\" src=\"https:\/\/1.bp.blogspot.com\/-6Xu-dL7HNXM\/V444ANSVEMI\/AAAAAAAANJY\/1YM9noeLbxQVHcEVt1bXC8GcetZRmE6DQCLcB\/s640\/contrap.JPG\" width=\"640\" height=\"632\" \/><\/p>\n<p>Em 1979, aconteceu o lan\u00e7amento de um livro para crian\u00e7as, escrito por Chico Buarque, ele que tamb\u00e9m concebeu pe\u00e7as teatrais e romances. Trata-se de \u201cChapeuzinho Amarelo\u201d, nome que, evidentemente, parodia o famoso conto infantil \u201cChapeuzinho Vermelho\u201d, publicado primeiramente pelo franc\u00eas Charles Perrault e mais tarde pelos irm\u00e3os alem\u00e3es\u00a0 Jacob e Wilhelm Grimm.<\/p>\n<p>\u201cChapeuzinho Amarelo\u201d conta a hist\u00f3ria de uma menina com medo do medo \u2013 isto \u00e9, amarela de medo -, que transforma a fantasia dos contos em sua pr\u00f3pria realidade, chegando ao ponto de n\u00e3o brincar, se divertir, se alimentar e nem mesmo dormir. Enfrentando o desconhecido Lobo, ela consegue superar seus medos e inseguran\u00e7as, descobrindo assim a alegria de viver. Narrado em forma de poema, com rimas, e excelentemente ilustrado por Ziraldo, outro consagrado autor de livros infantis (\u201cFlicts\u201d, \u201cO Bichinho da Ma\u00e7\u00e3\u2019, \u201cO Menino Maluquinho\u201d), \u201cChapeuzinho Amarelo\u201d foi um grande sucesso entre as crian\u00e7as e tamb\u00e9m aplaudido pela cr\u00edtica, tornando-se mais um cl\u00e1ssico do g\u00eanero, premiado pela Funda\u00e7\u00e3o Nacional do Livro Infantil e Juvenil. \u00a0A obra atravessou gera\u00e7\u00f5es,\u00a0 fazendo parte da vida e da inf\u00e2ncia de muitos que, ap\u00f3s tornarem-se pais e m\u00e3es, a leriam para seus filhos, o que acontece at\u00e9 hoje.<\/p>\n<p>Com o sucesso liter\u00e1rio, \u201cChapeuzinho Amarelo\u201d seria mais tarde adaptado para musical de teatro, igualmente muito bem acolhido pela crian\u00e7ada (e pelos adultos tamb\u00e9m, por que n\u00e3o?).\u00a0 E \u00e9 justamente a trilha sonora desta adapta\u00e7\u00e3o que o TM tem a grata satisfa\u00e7\u00e3o de oferecer hoje a seus amigos cultos, ocultos e associados. O \u00e1lbum foi lan\u00e7ado em 1981 pela WEA (depois Warner Music), e foram escalados para esta adapta\u00e7\u00e3o os nomes de Zeca Ligiero, Ricardo Pav\u00e3o e Chico L\u00e1, sendo que estes \u00faltimos tamb\u00e9m participam do disco como int\u00e9rpretes dessa hist\u00f3ria t\u00e3o bem concebida por Chico Buarque. Completam o elenco os atores Zez\u00e9 Polessa (que mais tarde atuou em novelas da extinta Manchete e tamb\u00e9m da Globo), Juliana Prado, Felipe Pinheiro, M\u00e1rcio Calv\u00e3o e Jana Castanheiras. Tudo com o capricho da produ\u00e7\u00e3o de Jo\u00e3o Luiz de Albuquerque, devidamente dirigida por Augusto C\u00e9sar Nogueira de Carvalho, o Guti, a sonoplastia de Jorge Napole\u00e3o e o suporte instrumental de Luciano Alves (teclados, arranjos e dire\u00e7\u00e3o musical) e Charle Chalegre (bateria e percuss\u00e3o), al\u00e9m de Marize Rezende no coro. Tudo isso, no conjunto, recria a for\u00e7a, o vigor e a magia do texto liter\u00e1rio de Chico, tornando o \u00e1lbum uma divers\u00e3o garantida para crian\u00e7as e adultos. Verdadeiro show de bola!<\/p>\n<p>*Texto de Samuel Machado Filho<\/p>\n","protected":false},"excerpt":{"rendered":"<p>Em 1979, aconteceu o lan\u00e7amento de um livro para crian\u00e7as, escrito por Chico Buarque, ele que tamb\u00e9m concebeu pe\u00e7as teatrais e romances. Trata-se de \u201cChapeuzinho Amarelo\u201d, nome que, evidentemente, parodia o famoso conto infantil \u201cChapeuzinho Vermelho\u201d, publicado primeiramente pelo franc\u00eas &hellip; <a href=\"https:\/\/www.toque-musicall.com\/?p=5652\">Continue lendo <span class=\"meta-nav\">&rarr;<\/span><\/a><\/p>\n","protected":false},"author":1,"featured_media":0,"comment_status":"open","ping_status":"closed","sticky":false,"template":"","format":"standard","meta":{"footnotes":""},"categories":[2719,408,252],"tags":[],"class_list":["post-5652","post","type-post","status-publish","format-standard","hentry","category-chapeuzinho-amarelo","category-chico-buarque","category-selo-wea"],"_links":{"self":[{"href":"https:\/\/www.toque-musicall.com\/index.php?rest_route=\/wp\/v2\/posts\/5652","targetHints":{"allow":["GET"]}}],"collection":[{"href":"https:\/\/www.toque-musicall.com\/index.php?rest_route=\/wp\/v2\/posts"}],"about":[{"href":"https:\/\/www.toque-musicall.com\/index.php?rest_route=\/wp\/v2\/types\/post"}],"author":[{"embeddable":true,"href":"https:\/\/www.toque-musicall.com\/index.php?rest_route=\/wp\/v2\/users\/1"}],"replies":[{"embeddable":true,"href":"https:\/\/www.toque-musicall.com\/index.php?rest_route=%2Fwp%2Fv2%2Fcomments&post=5652"}],"version-history":[{"count":1,"href":"https:\/\/www.toque-musicall.com\/index.php?rest_route=\/wp\/v2\/posts\/5652\/revisions"}],"predecessor-version":[{"id":5653,"href":"https:\/\/www.toque-musicall.com\/index.php?rest_route=\/wp\/v2\/posts\/5652\/revisions\/5653"}],"wp:attachment":[{"href":"https:\/\/www.toque-musicall.com\/index.php?rest_route=%2Fwp%2Fv2%2Fmedia&parent=5652"}],"wp:term":[{"taxonomy":"category","embeddable":true,"href":"https:\/\/www.toque-musicall.com\/index.php?rest_route=%2Fwp%2Fv2%2Fcategories&post=5652"},{"taxonomy":"post_tag","embeddable":true,"href":"https:\/\/www.toque-musicall.com\/index.php?rest_route=%2Fwp%2Fv2%2Ftags&post=5652"}],"curies":[{"name":"wp","href":"https:\/\/api.w.org\/{rel}","templated":true}]}}