{"id":5656,"date":"2016-07-19T20:00:41","date_gmt":"2016-07-19T23:00:41","guid":{"rendered":"http:\/\/www.toque-musicall.com\/?p=5656"},"modified":"2016-07-24T01:04:01","modified_gmt":"2016-07-24T04:04:01","slug":"dom-em-todos-os-tempos-1977","status":"publish","type":"post","link":"https:\/\/www.toque-musicall.com\/?p=5656","title":{"rendered":"Dom &#8211; Em Todos OS Tempos (1977)"},"content":{"rendered":"<p><img loading=\"lazy\" decoding=\"async\" class=\"aligncenter\" src=\"https:\/\/2.bp.blogspot.com\/-EQQrI3ggVhA\/V4_3P4GhQFI\/AAAAAAAANKA\/_cBA7t03mN8fZzdQMcXdVxK_fE7O6WyHACLcB\/s640\/capap.JPG\" width=\"640\" height=\"630\" \/><img loading=\"lazy\" decoding=\"async\" class=\"aligncenter\" src=\"https:\/\/3.bp.blogspot.com\/--SQTmlnFCV4\/V4_3P69v9_I\/AAAAAAAANKE\/JKtuwGxeOVcCNNgoJlIWNoMqSljs3utDgCLcB\/s640\/contrap.JPG\" width=\"640\" height=\"639\" \/><\/p>\n<p>Ol\u00e1, amigu\u00edssimos cultos e ocultos! Hoje o tempo est\u00e1 corrido, mas mesmo assim vamos por em dia a nossa sequ\u00eancia de postagens, afinal este \u00e9 o m\u00eas de anivers\u00e1rio do Toque Musical. Para quem n\u00e3o sabe, n\u00e3o se tocou, estamos fazendo 9 anos de atividades! N\u00e3o \u00e9 mole n\u00e3o! (mas \u00e9 doce e viciante como rapadura)<br \/>\nTenho para hoje um disco que at\u00e9 bem pouco tempo eu n\u00e3o conhecia, exceto por uma ou duas m\u00fasicas. Trata-se do disco solo de Eust\u00e1quio Souza de Faria, ou, mais conhecido como Dom, da dupla Dom &amp; Ravel. Pelo pouco que sei, este foi seu \u00fanico trabalho, sem o irm\u00e3o Ravel. O lp foi lan\u00e7ado em 1977, numa fase em que a dupla j\u00e1 havia entrado em decl\u00ednio. &#8220;Em todos os tempos&#8221; \u00e9 um disco onde predomina o samba. Samba? Sim, o cara tinha o &#8216;dom&#8217; do samba. Mas tamb\u00e9m tem uns carimb\u00f3s e fecha com a melhor, a faixa &#8216;disco&#8217;, &#8220;Jangada&#8217;. Vale a pena conhecer. Em breve teremos a dupla Dom &amp; Ravel aqui, apresentado pelo nosso resenhista Samuca, sempre minucioso, detalhando um pouco mais sobre a carreira dessa curiosa dupla. Aguarde&#8230;<\/p>\n<div style=\"text-align: center;\">desmoronou<\/div>\n<div style=\"text-align: center;\">tristeza e alegria<\/div>\n<div style=\"text-align: center;\">se meu santo um dia me ajudar<\/div>\n<div style=\"text-align: center;\">maria<\/div>\n<div style=\"text-align: center;\">o galo j\u00e1 cantou<\/div>\n<div style=\"text-align: center;\">carimb\u00f3 do espinho<\/div>\n<div style=\"text-align: center;\">piu piu<\/div>\n<div style=\"text-align: center;\">carimb\u00f3 de saia<\/div>\n<div style=\"text-align: center;\">areia do alto mar<\/div>\n<div style=\"text-align: center;\">jangada<\/div>\n<div style=\"text-align: center;\"><\/div>\n<div style=\"text-align: center;\">.<\/div>\n","protected":false},"excerpt":{"rendered":"<p>Ol\u00e1, amigu\u00edssimos cultos e ocultos! Hoje o tempo est\u00e1 corrido, mas mesmo assim vamos por em dia a nossa sequ\u00eancia de postagens, afinal este \u00e9 o m\u00eas de anivers\u00e1rio do Toque Musical. Para quem n\u00e3o sabe, n\u00e3o se tocou, estamos &hellip; <a href=\"https:\/\/www.toque-musicall.com\/?p=5656\">Continue lendo <span class=\"meta-nav\">&rarr;<\/span><\/a><\/p>\n","protected":false},"author":1,"featured_media":0,"comment_status":"open","ping_status":"closed","sticky":false,"template":"","format":"standard","meta":{"footnotes":""},"categories":[2721,1483,40],"tags":[],"class_list":["post-5656","post","type-post","status-publish","format-standard","hentry","category-dom","category-dom-e-ravel","category-selo-continental"],"_links":{"self":[{"href":"https:\/\/www.toque-musicall.com\/index.php?rest_route=\/wp\/v2\/posts\/5656","targetHints":{"allow":["GET"]}}],"collection":[{"href":"https:\/\/www.toque-musicall.com\/index.php?rest_route=\/wp\/v2\/posts"}],"about":[{"href":"https:\/\/www.toque-musicall.com\/index.php?rest_route=\/wp\/v2\/types\/post"}],"author":[{"embeddable":true,"href":"https:\/\/www.toque-musicall.com\/index.php?rest_route=\/wp\/v2\/users\/1"}],"replies":[{"embeddable":true,"href":"https:\/\/www.toque-musicall.com\/index.php?rest_route=%2Fwp%2Fv2%2Fcomments&post=5656"}],"version-history":[{"count":3,"href":"https:\/\/www.toque-musicall.com\/index.php?rest_route=\/wp\/v2\/posts\/5656\/revisions"}],"predecessor-version":[{"id":5669,"href":"https:\/\/www.toque-musicall.com\/index.php?rest_route=\/wp\/v2\/posts\/5656\/revisions\/5669"}],"wp:attachment":[{"href":"https:\/\/www.toque-musicall.com\/index.php?rest_route=%2Fwp%2Fv2%2Fmedia&parent=5656"}],"wp:term":[{"taxonomy":"category","embeddable":true,"href":"https:\/\/www.toque-musicall.com\/index.php?rest_route=%2Fwp%2Fv2%2Fcategories&post=5656"},{"taxonomy":"post_tag","embeddable":true,"href":"https:\/\/www.toque-musicall.com\/index.php?rest_route=%2Fwp%2Fv2%2Ftags&post=5656"}],"curies":[{"name":"wp","href":"https:\/\/api.w.org\/{rel}","templated":true}]}}