{"id":5661,"date":"2016-07-21T10:57:29","date_gmt":"2016-07-21T13:57:29","guid":{"rendered":"http:\/\/www.toque-musicall.com\/?p=5661"},"modified":"2016-07-21T10:57:29","modified_gmt":"2016-07-21T13:57:29","slug":"via-paulista-1992","status":"publish","type":"post","link":"https:\/\/www.toque-musicall.com\/?p=5661","title":{"rendered":"Via Paulista (1992)"},"content":{"rendered":"<p><img loading=\"lazy\" decoding=\"async\" class=\"aligncenter\" src=\"https:\/\/4.bp.blogspot.com\/-nlk-bOhR-h8\/V5DIn2bUyFI\/AAAAAAAANKo\/w5QfAn5CQhUhoeNTO7g8tqEmsdg_5E73ACLcB\/s640\/capa%2Bviap.JPG\" width=\"636\" height=\"640\" \/><img loading=\"lazy\" decoding=\"async\" class=\"aligncenter\" src=\"https:\/\/1.bp.blogspot.com\/-jgWJdAhkniw\/V5DIortBpXI\/AAAAAAAANKs\/fnZddJ9OK1cIPumhAHKvVQM2ToM50IzEwCLcB\/s640\/contra%2Bviap.JPG\" width=\"627\" height=\"640\" \/><\/p>\n<p>Bom dia, amigos cultos e ocultos! Seguindo em nossa luta musical (quase) di\u00e1ria, eu hoje trago para voc\u00eas o disco Via Paulista, que \u00e9 o registro fonogr\u00e1fico de um projeto de show idealizado e produzido pelo m\u00fasico Eduardo Gudin e pelo produtor e letrista Jos\u00e9 Carlos Costa Neto, no in\u00edcio dos anos 90. O Via Paulista rolou por uns dois anos no teatro do Sesc Pomp\u00e9ia, sempre apresentando encontros memor\u00e1veis com os mais diferentes artista da \u00e9poca. Em 1992 foi lan\u00e7ado este lp com algumas das grava\u00e7\u00f5es feitas ao vivo, trazendo nomes como Jorge Benjor, Leila Pinheiro, Rosa Maria, Andr\u00e9 Christovam, Luiz Tatit, Jos\u00e9 Miguel Wisnik, N\u00e1 Ozzetti, Guilherme Antes e outros. Vale a pena rever esses shows \ud83d\ude09<\/p>\n<div style=\"text-align: center;\">bebete v\u00e3obora &#8211; jorge benjor e g.r.a.s.r.f.s.<\/div>\n<div style=\"text-align: center;\">trem das onze &#8211; guilherme arantes<\/div>\n<div style=\"text-align: center;\">document\u00e1rio &#8211; rosa maria e andr\u00e9 christovam<\/div>\n<div style=\"text-align: center;\">fica esse samba comigo &#8211; leila pinheiro e eduardo gudin<\/div>\n<div style=\"text-align: center;\">tudo para o paraguay &#8211; lingua de trapo e c\u00e9sar brunetti<\/div>\n<div style=\"text-align: center;\">trio de efeitos &#8211; n\u00e1 ozzetti, luiz tatit e jos\u00e9 miguel wisnik<\/div>\n<div style=\"text-align: center;\">motorista de taxi &#8211; arrigo barnab\u00e9 e itamar assump\u00e7\u00e3o<\/div>\n<div style=\"text-align: center;\">s\u00e9culo xx &#8211; sandra de s\u00e1 e luni<\/div>\n<div style=\"text-align: center;\">cr\u00f4nica de um rio &#8211; guilherme arantes<\/div>\n<div style=\"text-align: center;\">tambor &#8211; leila pinheiro e eduardo gudin<\/div>\n<div style=\"text-align: center;\">reckless blues &#8211; rosa maria e andr\u00e9 christovam<\/div>\n<div style=\"text-align: center;\">disco &#8211; luiz tatit e jos\u00e9 miguel wisnik<\/div>\n<div><\/div>\n<div>.<\/div>\n","protected":false},"excerpt":{"rendered":"<p>Bom dia, amigos cultos e ocultos! Seguindo em nossa luta musical (quase) di\u00e1ria, eu hoje trago para voc\u00eas o disco Via Paulista, que \u00e9 o registro fonogr\u00e1fico de um projeto de show idealizado e produzido pelo m\u00fasico Eduardo Gudin e &hellip; <a href=\"https:\/\/www.toque-musicall.com\/?p=5661\">Continue lendo <span class=\"meta-nav\">&rarr;<\/span><\/a><\/p>\n","protected":false},"author":1,"featured_media":0,"comment_status":"open","ping_status":"closed","sticky":false,"template":"","format":"standard","meta":{"footnotes":""},"categories":[1565,2725,97,583,1383,1375,1065,2727,2726,488,269],"tags":[],"class_list":["post-5661","post","type-post","status-publish","format-standard","hentry","category-arrigo-barnabe","category-cesar-brunetti","category-itamar-assumpcao","category-jorge-ben","category-jose-miguel-wisnik","category-leila-pinheiro","category-lingua-de-trapo","category-luiz-tatit","category-na-ozzetti","category-rosa-maria","category-selo-columbia"],"_links":{"self":[{"href":"https:\/\/www.toque-musicall.com\/index.php?rest_route=\/wp\/v2\/posts\/5661","targetHints":{"allow":["GET"]}}],"collection":[{"href":"https:\/\/www.toque-musicall.com\/index.php?rest_route=\/wp\/v2\/posts"}],"about":[{"href":"https:\/\/www.toque-musicall.com\/index.php?rest_route=\/wp\/v2\/types\/post"}],"author":[{"embeddable":true,"href":"https:\/\/www.toque-musicall.com\/index.php?rest_route=\/wp\/v2\/users\/1"}],"replies":[{"embeddable":true,"href":"https:\/\/www.toque-musicall.com\/index.php?rest_route=%2Fwp%2Fv2%2Fcomments&post=5661"}],"version-history":[{"count":1,"href":"https:\/\/www.toque-musicall.com\/index.php?rest_route=\/wp\/v2\/posts\/5661\/revisions"}],"predecessor-version":[{"id":5662,"href":"https:\/\/www.toque-musicall.com\/index.php?rest_route=\/wp\/v2\/posts\/5661\/revisions\/5662"}],"wp:attachment":[{"href":"https:\/\/www.toque-musicall.com\/index.php?rest_route=%2Fwp%2Fv2%2Fmedia&parent=5661"}],"wp:term":[{"taxonomy":"category","embeddable":true,"href":"https:\/\/www.toque-musicall.com\/index.php?rest_route=%2Fwp%2Fv2%2Fcategories&post=5661"},{"taxonomy":"post_tag","embeddable":true,"href":"https:\/\/www.toque-musicall.com\/index.php?rest_route=%2Fwp%2Fv2%2Ftags&post=5661"}],"curies":[{"name":"wp","href":"https:\/\/api.w.org\/{rel}","templated":true}]}}