{"id":567,"date":"2011-02-01T10:36:00","date_gmt":"2011-02-01T10:36:00","guid":{"rendered":"http:\/\/www.toque-musicall.com\/?p=567"},"modified":"2011-02-01T10:36:00","modified_gmt":"2011-02-01T10:36:00","slug":"mariza-a-suave-mariza-1959","status":"publish","type":"post","link":"https:\/\/www.toque-musicall.com\/?p=567","title":{"rendered":"Mariza &#8211; A Suave Mariza (1959)"},"content":{"rendered":"<p><a href=\"http:\/\/3.bp.blogspot.com\/_DSKVEvHtskc\/TUfiaBWt28I\/AAAAAAAAHow\/DDk5Ff4Fgvo\/s1600\/mariza+P.JPG\"><img decoding=\"async\" style=\"text-align: center; margin: 0px auto 10px; width: 400px; display: block; height: 398px;\" id=\"BLOGGER_PHOTO_ID_5568668400935099330\" alt=\"\" src=\"http:\/\/3.bp.blogspot.com\/_DSKVEvHtskc\/TUfiaBWt28I\/AAAAAAAAHow\/DDk5Ff4Fgvo\/s400\/mariza+P.JPG\" border=\"0\" \/><\/a>Ol\u00e1 amigos cultos e ocultos! Pelo andar da carruagem, acho que a semana vai ficar por conta das mulheres. Teremos uma semana bem feminina, o que voc\u00eas acham?<br \/>Seguimos com a cantora Mariza, com &#8216;S&#8217; ou com &#8216;Z&#8217;, n\u00e3o importa. Este foi seu disco de estr\u00e9ia, lan\u00e7ado pela Copacabana em 1959. Vemos ela aqui na capa, agarrada ao angor\u00e1, com certeza foi da\u00ed que nasceu o apelido de &#8216;gata mansa&#8217;, que em muitos discos ela adotou. Neste seu primeiro \u00e1lbum temos um repert\u00f3rio que a cantora pode escolher a dedo. N\u00e3o foi por acaso que ela gravou neste lp quatro m\u00fasicas de Dolores Duran, sua grande amiga. Tamb\u00e9m n\u00e3o foi no acaso que as m\u00fasicas selecionadas s\u00e3o de compositores da sua gera\u00e7\u00e3o, do surgimento da bossa, do que era moderno na \u00e9poca. Sem d\u00favida, um bel\u00edssimo trabalho, com participa\u00e7\u00f5es de m\u00fasicos de primeira linha, os quais eu omito na apresenta\u00e7\u00e3o, mas que a cantora fez quest\u00e3o de listar, deixando inclusive a seguinte nota juntamente com a rela\u00e7\u00e3o de m\u00fasicos participantes: <em>&#8230; aconselho aos m\u00fasicos procurarem sempre os cronistas que comumente escrevem para contracapas de &#8216;long-playings&#8217; e solicitarem aos mesmos para que n\u00e3o esque\u00e7am da inclus\u00e3o de seus nomes, pois isto muito contribuir\u00e1 para uma futura hist\u00f3ria da nossa m\u00fasica popular&#8230;<\/em><br \/>\u00c9 isso a\u00ed, est\u00e1 cert\u00edssimo. Eu, inclusive, deveria ter adotado essa informa\u00e7\u00e3o tamb\u00e9m nas minhas postagens, como fazem alguns outros blogs. Mas agora &#8216;o bicho&#8217; Toque Musical j\u00e1 est\u00e1 formatado e al\u00e9m do mais, o que falta na apresenta\u00e7\u00e3o tem de sobra na distribui\u00e7\u00e3o. Procuro pelo menos apresentar o arquivo completo, com capa, contracapa e selo. Gosto de deixar &#8216;espa\u00e7os&#8217; para uma poss\u00edvel intera\u00e7\u00e3o, complementos e participa\u00e7\u00f5es dos amigos cultos e ocultos. O que eu proponho aqui \u00e9 apenas um toque musical&#8230; \ud83d\ude09<\/p>\n<div align=\"center\">nana meu nenem<\/div>\n<div align=\"center\">a noite do meu bem<\/div>\n<div align=\"center\">voc\u00ea n\u00e3o sabe amar<\/div>\n<div align=\"center\">tempo ao tempo<\/div>\n<div align=\"center\">amar em segredo<\/div>\n<div align=\"center\">se eu tiver<\/div>\n<div align=\"center\">olhe o tempo passando<\/div>\n<div align=\"center\">deixe que ela se v\u00e1<\/div>\n<div align=\"center\">favela<\/div>\n<div align=\"center\">barquinho de papel<\/div>\n<div align=\"center\">se houver voc\u00ea<\/p>\n<p><\/div>\n<div align=\"center\"> <\/div>\n<div align=\"center\"> <\/div>\n","protected":false},"excerpt":{"rendered":"<p>Ol\u00e1 amigos cultos e ocultos! Pelo andar da carruagem, acho que a semana vai ficar por conta das mulheres. Teremos uma semana bem feminina, o que voc\u00eas acham?Seguimos com a cantora Mariza, com &#8216;S&#8217; ou com &#8216;Z&#8217;, n\u00e3o importa. Este &hellip; <a href=\"https:\/\/www.toque-musicall.com\/?p=567\">Continue lendo <span class=\"meta-nav\">&rarr;<\/span><\/a><\/p>\n","protected":false},"author":1,"featured_media":0,"comment_status":"open","ping_status":"closed","sticky":false,"template":"","format":"standard","meta":{"footnotes":""},"categories":[733,699,858,152],"tags":[],"class_list":["post-567","post","type-post","status-publish","format-standard","hentry","category-marisa","category-marisa-gata-mansa","category-mariza","category-selo-copacabana"],"_links":{"self":[{"href":"https:\/\/www.toque-musicall.com\/index.php?rest_route=\/wp\/v2\/posts\/567","targetHints":{"allow":["GET"]}}],"collection":[{"href":"https:\/\/www.toque-musicall.com\/index.php?rest_route=\/wp\/v2\/posts"}],"about":[{"href":"https:\/\/www.toque-musicall.com\/index.php?rest_route=\/wp\/v2\/types\/post"}],"author":[{"embeddable":true,"href":"https:\/\/www.toque-musicall.com\/index.php?rest_route=\/wp\/v2\/users\/1"}],"replies":[{"embeddable":true,"href":"https:\/\/www.toque-musicall.com\/index.php?rest_route=%2Fwp%2Fv2%2Fcomments&post=567"}],"version-history":[{"count":0,"href":"https:\/\/www.toque-musicall.com\/index.php?rest_route=\/wp\/v2\/posts\/567\/revisions"}],"wp:attachment":[{"href":"https:\/\/www.toque-musicall.com\/index.php?rest_route=%2Fwp%2Fv2%2Fmedia&parent=567"}],"wp:term":[{"taxonomy":"category","embeddable":true,"href":"https:\/\/www.toque-musicall.com\/index.php?rest_route=%2Fwp%2Fv2%2Fcategories&post=567"},{"taxonomy":"post_tag","embeddable":true,"href":"https:\/\/www.toque-musicall.com\/index.php?rest_route=%2Fwp%2Fv2%2Ftags&post=567"}],"curies":[{"name":"wp","href":"https:\/\/api.w.org\/{rel}","templated":true}]}}