{"id":5671,"date":"2016-07-24T22:49:22","date_gmt":"2016-07-25T01:49:22","guid":{"rendered":"http:\/\/www.toque-musicall.com\/?p=5671"},"modified":"2016-07-24T22:49:22","modified_gmt":"2016-07-25T01:49:22","slug":"dom-ravel-1974","status":"publish","type":"post","link":"https:\/\/www.toque-musicall.com\/?p=5671","title":{"rendered":"Dom &#038; Ravel (1974)"},"content":{"rendered":"<p><img loading=\"lazy\" decoding=\"async\" class=\"aligncenter\" src=\"https:\/\/2.bp.blogspot.com\/-TCbdm4FyTxk\/V5VpMSjKFKI\/AAAAAAAANLw\/cayUQmCR5kg5zwt6OOTNNO_HrhmkjDzJgCLcB\/s640\/capaf.JPG\" width=\"640\" height=\"631\" \/><img loading=\"lazy\" decoding=\"async\" class=\"aligncenter\" src=\"https:\/\/4.bp.blogspot.com\/-HEZKX5HKViQ\/V5VpLyCu1HI\/AAAAAAAANLs\/Wx9Y6ZUPSIYrH6QprYSETqOnLFFh3GejwCLcB\/s640\/contrap.JPG\" width=\"640\" height=\"634\" \/><\/p>\n<p>Quem viveu o final da d\u00e9cada de 1960 e come\u00e7o da de 70, os chamados \u201canos de chumbo\u201d da ditadura militar, lembra-se muito bem da dupla Dom e Ravel. Seus nomes verdadeiros eram, respectivamente, Eust\u00e1quio Gomes de Faria, e Eduardo Gomes de Faria, irm\u00e3os cearenses nascidos em Itai\u00e7aba, Eust\u00e1quio em 21 de agosto de 1944, e Eduardo em 13 de outubro de 1947. Mudaram-se ainda pequenos para S\u00e3o Paulo, na d\u00e9cada de 1950, com os pais e a irm\u00e3 ca\u00e7ula, Eva, residindo e criando-se na periferia da cidade. Eduardo foi apelidado de Ravel por um professor de m\u00fasica, por causa de sua aptid\u00e3o para a arte. Dom e Ravel gravaram seu primeiro disco em 1969, pela RCA Victor, um compacto simples com as m\u00fasicas \u201cO som do sil\u00eancio\u201d (vers\u00e3o em portugu\u00eas para o cl\u00e1ssico \u201cThe sound of silence\u201d, de Simon e Garfunkel) e \u201cDesvio mental\u201d. Em seguida na mesma marca, outro single, com \u201cHey\u201d e \u201cO que \u00e9 meu dela\u201d. Ambos os discos foram verdadeiros fracassos de vendagem. Em contrapartida, passaram a se destacar como compositores, com m\u00fasicas gravadas por int\u00e9rpretes como Os Incr\u00edveis, Wanderl\u00e9a, Jerry Adriani e Wanderley Cardoso. Foram Os Incr\u00edveis, inclusive, quem lan\u00e7aram, em 1970, o maior e mais pol\u00eamico sucesso da dupla: a marcha-rancho \u201cEu te amo, meu Brasil\u201d, que, segundo eles mesmos, foi composta para comemorar a conquista do tricampeonato mundial de futebol pelo Brasil. Esta e outras m\u00fasicas ufanistas que compuseram, tais como \u201cS\u00f3 o amor constr\u00f3i\u201d e \u201cVoc\u00ea tamb\u00e9m \u00e9 respons\u00e1vel\u201d, esta transformada pelo governo em hino do extinto Mobral, Movimento Brasileiro de Alfabetiza\u00e7\u00e3o, renderam a Dom e Ravel bastante sucesso e, por outro lado, acusa\u00e7\u00f5es de bajuladores do regime militar. Ambos juravam por toda a vida n\u00e3o ser verdade. Os sobrenomes de ambos ajudaram a aumentar a confus\u00e3o, fazendo acreditar que eles tinham parentesco com o brigadeiro Eduardo Gomes e o general Cordeiro de Farias, e eram filhos de militares (na verdade, o pai deles era\u00a0 um pequeno comerciante paraibano e a m\u00e3e, cearense, era \u201cdo lar\u201d, ou seja, dona-de-casa). Em 1971, Dom e Ravel lan\u00e7aram seu primeiro LP, \u201cTerra boa\u201d, pela RCA Victor. A fim de tentarem se afastar da fama de bajuladores da ditadura militar, gravaram, em 1974, a m\u00fasica \u201cAnimais irracionais (Somos todos meio)\u201d, falando de desigualdade social. Entretanto, a m\u00fasica n\u00e3o recebeu o devido apoio dos militares que ent\u00e3o governavam o pa\u00eds, e acabou vetada pela censura<a href=\"https:\/\/www.blogger.com\/null\" name=\"_GoBack\"><\/a>. \u00c9 justamente o segundo LP da dupla, editado pela Beverly, que traz como faixa de abertura \u201cAnimais irracionais\u201d, que o TM oferece hoje a seus amigos cultos, ocultos e associados. Mas h\u00e1 tamb\u00e9m outras faixas interessantes que voc\u00eas poder\u00e3o conferir, a maioria deles pr\u00f3prios com ou sem parceiros, tipo \u201cO que \u00e9 que voc\u00ea est\u00e1 fazendo a\u00ed, meu bem?\u201d, \u201cSe voc\u00ea me pudesse ouvir\u201d, \u201cLa\u00e7o de boi\u201d, \u201cConflito de gera\u00e7\u00f5es\u201d (outro tema sempre atual). Depois deste, Dom e Ravel ainda lan\u00e7ariam mais dois LPs, em 1982 e 1993, e tamb\u00e9m gravaram in\u00fameros compactos, obtendo sucesso com \u201cObrigado ao homem do campo\u201d (1978) e \u201cCan\u00e7\u00e3o da fraternidade\u201d, mais conhecida por \u201cCantemos juntos\u201d, em 1979. Mais tarde, a dupla se desfez e ambos partiram para carreiras-solo. Foram eles, inclusive, quem realizaram gest\u00f5es junto ao ent\u00e3o presidente da Rep\u00fablica Jo\u00e3o Figueiredo para outorgar a concess\u00e3o de uma rede de TV ao empres\u00e1rio e animador S\u00edlvio Santos. Nascia o SBT e, ao mesmo tempo, terminava a dupla&#8230; Eust\u00e1quio Gomes de Faria, o Dom, faleceu em 10 de dezembro de 2000, de c\u00e2ncer no est\u00f4mago. Ravel, por\u00e9m, prosseguiu cantando solo mesmo ap\u00f3s ter sua vista prejudicada por um acidente. Isso at\u00e9 tamb\u00e9m falecer, em 16 de junho de 2011, de ataque card\u00edaco. Mas se depender de blogs como nosso TM, eles jamais cair\u00e3o no esquecimento. Portanto, a\u00ed vai o \u00e1lbum de \u201cAnimais irracionais\u201d, para aprecia\u00e7\u00e3o de todos voc\u00eas! Divirtam-se&#8230;<\/p>\n<div style=\"text-align: center;\">animais irracionais<\/div>\n<div style=\"text-align: center;\">marinheiro<\/div>\n<div style=\"text-align: center;\">conflito de gera\u00e7\u00f5es<\/div>\n<div style=\"text-align: center;\">todo dia a mesma hist\u00f3ria<\/div>\n<div style=\"text-align: center;\">o que \u00e9 que voc\u00ea est\u00e1 fazendo a\u00ed meu bem<\/div>\n<div style=\"text-align: center;\">se voc\u00ea pudesse me ouvir<\/div>\n<div style=\"text-align: center;\">la\u00e7o de boi<\/div>\n<div style=\"text-align: center;\">rainha do mar<\/div>\n<div style=\"text-align: center;\">rodeiro do cruzeiro do sul<\/div>\n<div style=\"text-align: center;\">o caminhante<\/div>\n<div style=\"text-align: center;\">os astronautas<\/div>\n<p>*Texto de Samuel Machado Filho<\/p>\n","protected":false},"excerpt":{"rendered":"<p>Quem viveu o final da d\u00e9cada de 1960 e come\u00e7o da de 70, os chamados \u201canos de chumbo\u201d da ditadura militar, lembra-se muito bem da dupla Dom e Ravel. Seus nomes verdadeiros eram, respectivamente, Eust\u00e1quio Gomes de Faria, e Eduardo &hellip; <a href=\"https:\/\/www.toque-musicall.com\/?p=5671\">Continue lendo <span class=\"meta-nav\">&rarr;<\/span><\/a><\/p>\n","protected":false},"author":1,"featured_media":0,"comment_status":"open","ping_status":"closed","sticky":false,"template":"","format":"standard","meta":{"footnotes":""},"categories":[1483,55],"tags":[],"class_list":["post-5671","post","type-post","status-publish","format-standard","hentry","category-dom-e-ravel","category-selo-beverly"],"_links":{"self":[{"href":"https:\/\/www.toque-musicall.com\/index.php?rest_route=\/wp\/v2\/posts\/5671","targetHints":{"allow":["GET"]}}],"collection":[{"href":"https:\/\/www.toque-musicall.com\/index.php?rest_route=\/wp\/v2\/posts"}],"about":[{"href":"https:\/\/www.toque-musicall.com\/index.php?rest_route=\/wp\/v2\/types\/post"}],"author":[{"embeddable":true,"href":"https:\/\/www.toque-musicall.com\/index.php?rest_route=\/wp\/v2\/users\/1"}],"replies":[{"embeddable":true,"href":"https:\/\/www.toque-musicall.com\/index.php?rest_route=%2Fwp%2Fv2%2Fcomments&post=5671"}],"version-history":[{"count":1,"href":"https:\/\/www.toque-musicall.com\/index.php?rest_route=\/wp\/v2\/posts\/5671\/revisions"}],"predecessor-version":[{"id":5672,"href":"https:\/\/www.toque-musicall.com\/index.php?rest_route=\/wp\/v2\/posts\/5671\/revisions\/5672"}],"wp:attachment":[{"href":"https:\/\/www.toque-musicall.com\/index.php?rest_route=%2Fwp%2Fv2%2Fmedia&parent=5671"}],"wp:term":[{"taxonomy":"category","embeddable":true,"href":"https:\/\/www.toque-musicall.com\/index.php?rest_route=%2Fwp%2Fv2%2Fcategories&post=5671"},{"taxonomy":"post_tag","embeddable":true,"href":"https:\/\/www.toque-musicall.com\/index.php?rest_route=%2Fwp%2Fv2%2Ftags&post=5671"}],"curies":[{"name":"wp","href":"https:\/\/api.w.org\/{rel}","templated":true}]}}