{"id":568,"date":"2011-01-31T10:02:00","date_gmt":"2011-01-31T10:02:00","guid":{"rendered":"http:\/\/www.toque-musicall.com\/?p=568"},"modified":"2011-01-31T10:02:00","modified_gmt":"2011-01-31T10:02:00","slug":"nana-caymmi-nana-1977","status":"publish","type":"post","link":"https:\/\/www.toque-musicall.com\/?p=568","title":{"rendered":"Nana Caymmi &#8211; Nana (1977)"},"content":{"rendered":"<p><a href=\"http:\/\/3.bp.blogspot.com\/_DSKVEvHtskc\/TUaP1PEKsfI\/AAAAAAAAHog\/0Sg7f5SVPQE\/s1600\/Folder.jpg\"><img decoding=\"async\" style=\"TEXT-ALIGN: center; MARGIN: 0px auto 10px; WIDTH: 400px; DISPLAY: block; HEIGHT: 397px; CURSOR: hand\" id=\"BLOGGER_PHOTO_ID_5568296134030045682\" border=\"0\" alt=\"\" src=\"http:\/\/3.bp.blogspot.com\/_DSKVEvHtskc\/TUaP1PEKsfI\/AAAAAAAAHog\/0Sg7f5SVPQE\/s400\/Folder.jpg\" \/><\/a>Bom dia, amigos cultos e ocultos! Vamos retomando aos nossos encontros di\u00e1rios, muito embora ele recome\u00e7e justamente quando tamb\u00e9m retorno ao trabalho. Da\u00ed, voltamos a rotina do corre corre. E eu sempre reclamando&#8230; hehehe&#8230;<br \/>Antes de tudo, por\u00e9m, vou repassando a voc\u00eas um convite para participarem do grupo de discuss\u00e3o <a href=\"http:\/\/br.groups.yahoo.com\/group\/musicadosanos60e70\/\">&#8220;M\u00fasica dos Anos 60 e 70&#8221;<\/a>. Quem  gosta de m\u00fasica dessa \u00e9poca, tanto nacional quanto internacional, vai encontrar ali um reduto bem focado.<br \/>O disco de hoje \u00e9 de uma das cantoras que eu mais gosto (sem redund\u00e2ncias), Nana Caymmi. N\u00e3o sei porque eu ainda n\u00e3o o havia postado. Hoje eu o fa\u00e7o, mais por um capricho. N\u00e3o cheguei a verificar, mas acredito que o presente \u00e1lbum j\u00e1 tenha sido bem divulgado na &#8216;blogosfera&#8217;. Quem ainda n\u00e3o o ouviu, sugiro que n\u00e3o perca a oportunidade. Um \u00e1lbum lindo. Tamb\u00e9m com as mesmas caracter\u00edsticas da postagem anterior, uma excelente cantora, um repert\u00f3rio fino e um grupo de m\u00fasicos de apoio de tirar o chap\u00e9u. Participa\u00e7\u00f5es especiais de Dorival Caymmi, Toninho Horta, Jo\u00e3o Donato, Novelli, Ivan Lins e outros no mesmo &#8216;naipe&#8217;. A dire\u00e7\u00e3o e coordena\u00e7\u00e3o art\u00edstica s\u00e3o de Dori Caymmi e Durval Ferreira. Confiram a\u00ed essa j\u00f3ia \ud83d\ude09<\/p>\n<div align=\"center\">dona olimpia<\/div>\n<div align=\"center\">milagre<\/div>\n<div align=\"center\">perdoa, meu amor<\/div>\n<div align=\"center\">o que se sabe de cor<\/div>\n<div align=\"center\">falam de mim<\/div>\n<div align=\"center\">soneto \u00e0 mam\u00e1<\/div>\n<div align=\"center\">fingidor<\/div>\n<div align=\"center\">cais<\/div>\n<div align=\"center\">se queres saber<\/div>\n<div align=\"center\">meu menino<\/div>\n<div align=\"center\">n\u00e3o h\u00e1 lugar<\/div>\n<div align=\"center\">modinha<\/div>\n<div align=\"center\"><\/div>\n<div align=\"center\"><\/div>\n<div align=\"center\"> <\/div>\n<div align=\"center\"> <\/div>\n","protected":false},"excerpt":{"rendered":"<p>Bom dia, amigos cultos e ocultos! Vamos retomando aos nossos encontros di\u00e1rios, muito embora ele recome\u00e7e justamente quando tamb\u00e9m retorno ao trabalho. Da\u00ed, voltamos a rotina do corre corre. E eu sempre reclamando&#8230; hehehe&#8230;Antes de tudo, por\u00e9m, vou repassando a &hellip; <a href=\"https:\/\/www.toque-musicall.com\/?p=568\">Continue lendo <span class=\"meta-nav\">&rarr;<\/span><\/a><\/p>\n","protected":false},"author":1,"featured_media":0,"comment_status":"open","ping_status":"closed","sticky":false,"template":"","format":"standard","meta":{"footnotes":""},"categories":[715,70],"tags":[],"class_list":["post-568","post","type-post","status-publish","format-standard","hentry","category-nana-caymmi","category-selo-rca-victor"],"_links":{"self":[{"href":"https:\/\/www.toque-musicall.com\/index.php?rest_route=\/wp\/v2\/posts\/568","targetHints":{"allow":["GET"]}}],"collection":[{"href":"https:\/\/www.toque-musicall.com\/index.php?rest_route=\/wp\/v2\/posts"}],"about":[{"href":"https:\/\/www.toque-musicall.com\/index.php?rest_route=\/wp\/v2\/types\/post"}],"author":[{"embeddable":true,"href":"https:\/\/www.toque-musicall.com\/index.php?rest_route=\/wp\/v2\/users\/1"}],"replies":[{"embeddable":true,"href":"https:\/\/www.toque-musicall.com\/index.php?rest_route=%2Fwp%2Fv2%2Fcomments&post=568"}],"version-history":[{"count":0,"href":"https:\/\/www.toque-musicall.com\/index.php?rest_route=\/wp\/v2\/posts\/568\/revisions"}],"wp:attachment":[{"href":"https:\/\/www.toque-musicall.com\/index.php?rest_route=%2Fwp%2Fv2%2Fmedia&parent=568"}],"wp:term":[{"taxonomy":"category","embeddable":true,"href":"https:\/\/www.toque-musicall.com\/index.php?rest_route=%2Fwp%2Fv2%2Fcategories&post=568"},{"taxonomy":"post_tag","embeddable":true,"href":"https:\/\/www.toque-musicall.com\/index.php?rest_route=%2Fwp%2Fv2%2Ftags&post=568"}],"curies":[{"name":"wp","href":"https:\/\/api.w.org\/{rel}","templated":true}]}}