{"id":5680,"date":"2016-07-28T09:11:34","date_gmt":"2016-07-28T12:11:34","guid":{"rendered":"http:\/\/www.toque-musicall.com\/?p=5680"},"modified":"2016-07-29T09:14:38","modified_gmt":"2016-07-29T12:14:38","slug":"o-som-brasileiro-do-bamerindus-1981","status":"publish","type":"post","link":"https:\/\/www.toque-musicall.com\/?p=5680","title":{"rendered":"O Som Brasileiro Do Bamerindus (1981)"},"content":{"rendered":"<p><img loading=\"lazy\" decoding=\"async\" class=\"aligncenter\" src=\"https:\/\/3.bp.blogspot.com\/-dyhfNuIbwNs\/V5tC3KCLIcI\/AAAAAAAANNw\/UeCT6HdFe4g1XxsOrANkuiTSlFnMZOAVgCLcB\/s640\/capaF.JPG\" width=\"640\" height=\"636\" \/><img loading=\"lazy\" decoding=\"async\" class=\"aligncenter\" src=\"https:\/\/1.bp.blogspot.com\/-BXIkJGmJUsk\/V5tC2yjcXwI\/AAAAAAAANNs\/aGCfAtyJrVoX0TlD5Ku0rUvnncFdvfInACLcB\/s640\/contrap.JPG\" width=\"632\" height=\"640\" \/>Em 1929, ano de grave crise financeira mundial, o empres\u00e1rio e pol\u00edtico Avelino Ant\u00f4nio Vieira\u00a0 resolveu fundar uma empresa banc\u00e1ria na cidade paranense de Tomazina, em sociedade com amigos: o Banco Popular e Agr\u00edcola do Norte do Paran\u00e1, incorporado, em 1944, ao Banco Comercial do Paran\u00e1, do qual Avelino tronou-se diretor comercial. Em 1951, Avelino Vieira comprou o Banco Meridional da Produ\u00e7\u00e3o, que tinha apenas quatro ag\u00eancias, mudando seu nome para Banco Mercantil e Industrial do Paran\u00e1, que ficaria conhecido pela sigla Bamerindus. Tanto que, em abril de 1971, a empresa passou a ser Banco Bamerindus do Brasil S.A., e tornou-se uma das maiores\u00a0 institui\u00e7\u00f5es do setor na Am\u00e9rica do Sul durante os anos 1970\/80. Quem n\u00e3o se lembra do jingle \u201cO tempo passa, o tempo voa, e a Poupan\u00e7a Bamerindus continua numa boa\u201d?\u00a0 Ou ent\u00e3o da s\u00e9rie de minidocument\u00e1rios \u201cGente que faz\u201d, patrocinada pelo banco e veiculada em hor\u00e1rio nobre da televis\u00e3o, que teve 230 epis\u00f3dios, e foi at\u00e9 premiada? Entretanto, nos anos 90, o Bamerindus entrou em dificuldades financeiras\u00a0 e acabou liquidado pelo Banco Central, sendo parte de seu esp\u00f3lio incorporada pelo HSBC, de capital brit\u00e2nico (mais tarde, o HSBC \u00e9 quem deixaria o Brasil, sendo suas ag\u00eancias incorporadas pelo Bradesco, processo esse ainda n\u00e3o conclu\u00eddo quando da elabora\u00e7\u00e3o desta resenha).\u00a0Agora, o TM oferece a seus amigos cultos, ocultos\u00a0 e associados um rar\u00edssimo \u00e1lbum oferecido como brinde aos clientes do extinto banco da fam\u00edlia Andrade Vieira. \u00c9 \u201cO som brasileiro do Bamerindus\u201d, produzido como parte da campanha \u201cIntegra\u00e7\u00e3o\u201d, criada pela ag\u00eancia de publicidade Umuarama, e lan\u00e7ada em 1981 nas emissoras de r\u00e1dio de todo o Brasil, aproveitando regionalismos e outras caracter\u00edsticas pr\u00f3prias de determinadas cidades e estados. O objetivo era mostrar a proximidade do Bamerindus com a cultura local, e o presente \u00e1lbum se enquadra nele perfeitamente. Nessa \u00e9poca, o principal garoto-propaganda do banco (e tamb\u00e9m seu cliente) era o eterno Rei do Bai\u00e3o, Luiz Gonzaga, que participa com duas faixas, a de abertura (\u201cO homem da terra\u201d, que foi at\u00e9 jingle do Bamerindus) e a de encerramento (\u201cEros\u00e3o\u201d), tendo na sanfona, em ambas, o n\u00e3o menos eterno Dominguinhos. S\u00e3o, ao todo, dez faixas, com arranjos de Luiz Arruda Paes, N\u00e9lson Ayres, Heraldo do Monte e Luiz Roberto, e ainda contando com as participa\u00e7\u00f5es especiais do acordeonista Oswaldinho e do regional de Evandro. A capa dupla \u00e9 muit\u00edssimo bem ilustrada, e tem um \u00f3timo texto de apresenta\u00e7\u00e3o do pesquisador e jornalista \u00a0Zuza Homem de Mello, que nessa \u00e9poca tamb\u00e9m apresentava o programa \u201cCom m\u00fasica nas veias\u201d, na R\u00e1dio Jovem Pan AM de S\u00e3o Paulo. Este foi tamb\u00e9m um dos primeiros lan\u00e7amentos (se n\u00e3o o primeiro) da gravadora Som da Gente, criada pelo casal de m\u00fasicos Walter Santos e Tereza Souza (autores, por sinal, de todas as faixas deste \u00e1lbum que o TM hoje oferece), e at\u00e9 hoje refer\u00eancia obrigat\u00f3ria quando se fala em produ\u00e7\u00e3o musical independente.\u00a0 Enfim, um trabalho primoroso, de qualidade, sob medida para quem aprecia o que h\u00e1 de melhor em nossa m\u00fasica popular.<\/p>\n<p style=\"text-align: center;\">homem da terra<\/p>\n<p style=\"text-align: center;\">para sempre<\/p>\n<p style=\"text-align: center;\">natal<\/p>\n<p style=\"text-align: center;\">homem de palavra<\/p>\n<p style=\"text-align: center;\">vinte e cinco anos<\/p>\n<p style=\"text-align: center;\">um grande abra\u00e7o<\/p>\n<p style=\"text-align: center;\">amanh\u00e3, com certeza<\/p>\n<p style=\"text-align: center;\">viver a vida<\/p>\n<p style=\"text-align: center;\">essas coisas simples<\/p>\n<p style=\"text-align: center;\">eros\u00e3o<\/p>\n<p>*Texto de Samuel Machado Filho<\/p>\n","protected":false},"excerpt":{"rendered":"<p>Em 1929, ano de grave crise financeira mundial, o empres\u00e1rio e pol\u00edtico Avelino Ant\u00f4nio Vieira\u00a0 resolveu fundar uma empresa banc\u00e1ria na cidade paranense de Tomazina, em sociedade com amigos: o Banco Popular e Agr\u00edcola do Norte do Paran\u00e1, incorporado, em &hellip; <a href=\"https:\/\/www.toque-musicall.com\/?p=5680\">Continue lendo <span class=\"meta-nav\">&rarr;<\/span><\/a><\/p>\n","protected":false},"author":1,"featured_media":0,"comment_status":"open","ping_status":"closed","sticky":false,"template":"","format":"standard","meta":{"footnotes":""},"categories":[2729,1947],"tags":[],"class_list":["post-5680","post","type-post","status-publish","format-standard","hentry","category-o-som-brasileiro-do-bamerindus","category-selo-som-da-gente"],"_links":{"self":[{"href":"https:\/\/www.toque-musicall.com\/index.php?rest_route=\/wp\/v2\/posts\/5680","targetHints":{"allow":["GET"]}}],"collection":[{"href":"https:\/\/www.toque-musicall.com\/index.php?rest_route=\/wp\/v2\/posts"}],"about":[{"href":"https:\/\/www.toque-musicall.com\/index.php?rest_route=\/wp\/v2\/types\/post"}],"author":[{"embeddable":true,"href":"https:\/\/www.toque-musicall.com\/index.php?rest_route=\/wp\/v2\/users\/1"}],"replies":[{"embeddable":true,"href":"https:\/\/www.toque-musicall.com\/index.php?rest_route=%2Fwp%2Fv2%2Fcomments&post=5680"}],"version-history":[{"count":1,"href":"https:\/\/www.toque-musicall.com\/index.php?rest_route=\/wp\/v2\/posts\/5680\/revisions"}],"predecessor-version":[{"id":5681,"href":"https:\/\/www.toque-musicall.com\/index.php?rest_route=\/wp\/v2\/posts\/5680\/revisions\/5681"}],"wp:attachment":[{"href":"https:\/\/www.toque-musicall.com\/index.php?rest_route=%2Fwp%2Fv2%2Fmedia&parent=5680"}],"wp:term":[{"taxonomy":"category","embeddable":true,"href":"https:\/\/www.toque-musicall.com\/index.php?rest_route=%2Fwp%2Fv2%2Fcategories&post=5680"},{"taxonomy":"post_tag","embeddable":true,"href":"https:\/\/www.toque-musicall.com\/index.php?rest_route=%2Fwp%2Fv2%2Ftags&post=5680"}],"curies":[{"name":"wp","href":"https:\/\/api.w.org\/{rel}","templated":true}]}}