{"id":5695,"date":"2016-08-01T10:43:27","date_gmt":"2016-08-01T13:43:27","guid":{"rendered":"http:\/\/www.toque-musicall.com\/?p=5695"},"modified":"2016-08-01T10:43:27","modified_gmt":"2016-08-01T13:43:27","slug":"fagner-manera-fru-fru-manera-1980","status":"publish","type":"post","link":"https:\/\/www.toque-musicall.com\/?p=5695","title":{"rendered":"Fagner &#8211; Manera Fru Fru Manera (1980)"},"content":{"rendered":"<p><img loading=\"lazy\" decoding=\"async\" class=\"aligncenter\" src=\"https:\/\/4.bp.blogspot.com\/-M-f6KPLZEV4\/V59Imkaog4I\/AAAAAAAANPU\/4F0NGwv6mrgEssYLtujZZwZJpBVlDzdmQCLcB\/s640\/capap.JPG\" width=\"636\" height=\"640\" \/><img loading=\"lazy\" decoding=\"async\" class=\"aligncenter\" src=\"https:\/\/2.bp.blogspot.com\/-fbjsfgPxLTI\/V59Im7XLtwI\/AAAAAAAANPY\/Xh26hzoXnOQHiEQDqR-GRMRrJFQgu_NHQCLcB\/s640\/contrap.JPG\" width=\"633\" height=\"640\" \/><\/p>\n<p>Bom dia, amigos cultos e ocultos! Partido para os 10 anos, aqui vai o primeiro passo&#8230; Ali\u00e1s, um passo muito especial. Hoje eu vou postar um dos discos que eu mais gosto. Embora j\u00e1 tenha pr\u00e1 l\u00e1 de 40 anos, quando foi lan\u00e7ado, ainda hoje \u00e9 um disco muito comercial. Na verdade um cl\u00e1ssico que nunca deixou de ser sucesso. E muito por conta disso eu at\u00e9 ent\u00e3o nunca pensei em post\u00e1-lo aqui. Por outro lado, trata-se de um lp bem manjado e que se pode encontrar em qualquer lugar. Mas, pensando agora aqui com os meus bot\u00f5es, acho que j\u00e1 est\u00e1 na hora dessa joinha&#8217; figurar em nossa lista&#8217;. Assim, aqui temos &#8220;Manera Fru Fru Manera&#8221;, primeiro \u00e1lbum do cantor, compositor e produtor cearense, Raimundo Fagner. O disco, originalmente, foi lan\u00e7ado em 1973. Produzido por Roberto Menescal, com coordena\u00e7\u00e3o de Paulinho Tapaj\u00f3s, arranjos de Ivan Lins e Luiz Cl\u00e1udio e dire\u00e7\u00e3o musical do pr\u00f3prio Fagner. H\u00e1 participa\u00e7\u00f5es especiais, de Nara Le\u00e3o e Nana Vasconcellos. Na primeira edi\u00e7\u00e3o o disco trazia a m\u00fasica &#8220;Canteiros&#8221;, que era na verdade um poema de Cec\u00edlia Meirelles adaptado e musicado por Fagner e Belchior. Nesta edi\u00e7\u00e3o n\u00e3o havia os cr\u00e9ditos do parceiro e muito menos era citado o nome da poeta. Em 1976 o disco foi relan\u00e7ado e a m\u00fasica &#8220;Canteiros&#8221; se tornou um grande sucesso. Nesta segunda tiragem j\u00e1 constava o nome de Belchior e de Cec\u00edlia Meirelles. Por\u00e9m a fam\u00edlia da poetisa entrou na justi\u00e7a pedindo a exclus\u00e3o da m\u00fasica, a qual foi substitu\u00edda por &#8220;Cavalo ferro&#8221;, que ocupou o lugar da outra nesta edi\u00e7\u00e3o de 1980. Para n\u00e3o ficarmos com a sensa\u00e7\u00e3o de que est\u00e1 faltando alguma coisa, inclui no nosso arquivo a m\u00fasica original, &#8220;Canteiros&#8221;. Confiram l\u00e1 no GTM, pois o tempo \u00e9 limitado&#8230;<\/p>\n<div style=\"text-align: center;\">\u00faltimo pau de arara<\/div>\n<div style=\"text-align: center;\">nasci para sofrer<\/div>\n<div style=\"text-align: center;\">penas do ti\u00ea<\/div>\n<div style=\"text-align: center;\">sina<\/div>\n<div style=\"text-align: center;\">mucuripe<\/div>\n<div style=\"text-align: center;\">como se fosse<\/div>\n<div style=\"text-align: center;\">p\u00e9 de sonhos<\/div>\n<div style=\"text-align: center;\">canteiros<\/div>\n<div style=\"text-align: center;\">cavalo ferro<\/div>\n<div style=\"text-align: center;\">moto I<\/div>\n<div style=\"text-align: center;\">tambores<\/div>\n<div style=\"text-align: center;\">serenou na madrugada<\/div>\n<div style=\"text-align: center;\">manera fru fru manera<\/div>\n<div><\/div>\n<div>.<\/div>\n","protected":false},"excerpt":{"rendered":"<p>Bom dia, amigos cultos e ocultos! Partido para os 10 anos, aqui vai o primeiro passo&#8230; Ali\u00e1s, um passo muito especial. Hoje eu vou postar um dos discos que eu mais gosto. Embora j\u00e1 tenha pr\u00e1 l\u00e1 de 40 anos, &hellip; <a href=\"https:\/\/www.toque-musicall.com\/?p=5695\">Continue lendo <span class=\"meta-nav\">&rarr;<\/span><\/a><\/p>\n","protected":false},"author":1,"featured_media":0,"comment_status":"open","ping_status":"closed","sticky":false,"template":"","format":"standard","meta":{"footnotes":""},"categories":[132,382],"tags":[],"class_list":["post-5695","post","type-post","status-publish","format-standard","hentry","category-fagner","category-selo-fontana"],"_links":{"self":[{"href":"https:\/\/www.toque-musicall.com\/index.php?rest_route=\/wp\/v2\/posts\/5695","targetHints":{"allow":["GET"]}}],"collection":[{"href":"https:\/\/www.toque-musicall.com\/index.php?rest_route=\/wp\/v2\/posts"}],"about":[{"href":"https:\/\/www.toque-musicall.com\/index.php?rest_route=\/wp\/v2\/types\/post"}],"author":[{"embeddable":true,"href":"https:\/\/www.toque-musicall.com\/index.php?rest_route=\/wp\/v2\/users\/1"}],"replies":[{"embeddable":true,"href":"https:\/\/www.toque-musicall.com\/index.php?rest_route=%2Fwp%2Fv2%2Fcomments&post=5695"}],"version-history":[{"count":1,"href":"https:\/\/www.toque-musicall.com\/index.php?rest_route=\/wp\/v2\/posts\/5695\/revisions"}],"predecessor-version":[{"id":5696,"href":"https:\/\/www.toque-musicall.com\/index.php?rest_route=\/wp\/v2\/posts\/5695\/revisions\/5696"}],"wp:attachment":[{"href":"https:\/\/www.toque-musicall.com\/index.php?rest_route=%2Fwp%2Fv2%2Fmedia&parent=5695"}],"wp:term":[{"taxonomy":"category","embeddable":true,"href":"https:\/\/www.toque-musicall.com\/index.php?rest_route=%2Fwp%2Fv2%2Fcategories&post=5695"},{"taxonomy":"post_tag","embeddable":true,"href":"https:\/\/www.toque-musicall.com\/index.php?rest_route=%2Fwp%2Fv2%2Ftags&post=5695"}],"curies":[{"name":"wp","href":"https:\/\/api.w.org\/{rel}","templated":true}]}}