{"id":5697,"date":"2016-08-02T09:39:34","date_gmt":"2016-08-02T12:39:34","guid":{"rendered":"http:\/\/www.toque-musicall.com\/?p=5697"},"modified":"2016-08-02T09:39:34","modified_gmt":"2016-08-02T12:39:34","slug":"exposito-e-sua-orquestra-motivo-damore-1965","status":"publish","type":"post","link":"https:\/\/www.toque-musicall.com\/?p=5697","title":{"rendered":"Exp\u00f3sito E Sua Orquestra &#8211; Motivo D&#8217;Amore (1965)"},"content":{"rendered":"<p><img loading=\"lazy\" decoding=\"async\" class=\"aligncenter\" src=\"https:\/\/4.bp.blogspot.com\/-PBbxTqYjXbs\/V6CKN4N927I\/AAAAAAAANPs\/Fa8UrIECUC0jrJ3cpyaPtsGZhdlMk6uxQCLcB\/s640\/capap.JPG\" width=\"640\" height=\"636\" \/><img loading=\"lazy\" decoding=\"async\" class=\"aligncenter\" src=\"https:\/\/1.bp.blogspot.com\/-CVoVFaj71IU\/V6CKN13GK8I\/AAAAAAAANPo\/tqW1S_qYClAd6NGjyfX5dbESUP5pn_6BwCLcB\/s640\/contrap.JPG\" width=\"633\" height=\"640\" \/><\/p>\n<p>Bom dia, amigos cultos e ocultos! Ainda continuo no embalo que vim do m\u00eas de julho. \u00c9 como se a festa de anivers\u00e1rio ainda n\u00e3o tivesse chegado ao fim. Ou por outra, no embalo final e et\u00edlico do fim de festa. Da\u00ed, a gente continua e parece que ainda mais inspirado, hehehe&#8230;<br \/>\nPois \u00e9, e assim temos mais um disco do maestro Exp\u00f3sito em nossas fileiras. Depois de termos postado aqui, pelo menos uns quatro disco dessa maravilhosa orquestra, agora me aparece mais este, &#8220;Motivo D&#8217;Amore&#8221;, outro \u00e1lbum com um sortido repert\u00f3rio contemplando temas nacionais e internacionais. Como em outros lan\u00e7amentos da RCA Victor, este tamb\u00e9m n\u00e3o fica a desejar, exceto pelas informa\u00e7\u00f5es a respeito de Exp\u00f3sito e Sua Orquestra. Este \u00e9 um nome que s\u00f3 veio a ser desvendado depois que passamos a postar os seus discos. Foi gra\u00e7as aos amigos cultos que conseguimos desvendar o misterioso Exp\u00f3sito. Segundo informa\u00e7\u00f5es colhidas nos pr\u00f3prios coment\u00e1rios de postagens, Exp\u00f3sito foi um maestro argentino que esteve no Brasil durante a d\u00e9cada de 60 fazendo arranjos e reg\u00eancias para a Orquestra da RCA Victor. Gravou com &#8216;sua&#8217; orquestra pelo menos uma meia d\u00fazia de lps, todos geniais. Possivelmente, deve ter feito mais coisas para a gravadora, que naquela \u00e9poca produzia muito. Na contracapa deste lp podemos ver tr\u00eas lan\u00e7amentos da gravadora, sendo que um deles \u00e9 da Orquestra Namorados do Caribe (disco tamb\u00e9m j\u00e1 postado aqui no TM). Eu suponho que esta tamb\u00e9m foi outra contribui\u00e7\u00e3o de Exp\u00f3sito. Tudo leva a crer, pelo estilo, pelos arranjos, pela orquestra e pela gravadora. Enfim, estamos aos poucos mapeando todo o circuito musical desse maestro argentino pelo Brasil. Confiram mais este disco, que com certeza \u00e9 um bom motivo para amar \ud83d\ude42<\/p>\n<div style=\"text-align: center;\">michael<\/div>\n<div style=\"text-align: center;\">amore scusami<\/div>\n<div style=\"text-align: center;\">cheat cheat<\/div>\n<div style=\"text-align: center;\">motivo d&#8217;amore<\/div>\n<div style=\"text-align: center;\">berimbau<\/div>\n<div style=\"text-align: center;\">meglio stasera<\/div>\n<div style=\"text-align: center;\">in ginocchio da te<\/div>\n<div style=\"text-align: center;\">my boy lollypop<\/div>\n<div style=\"text-align: center;\">rhythm of the rain<\/div>\n<div style=\"text-align: center;\">una lacrima sul viso<\/div>\n<div style=\"text-align: center;\">it&#8217;s a mad, mad, mad, mad world<\/div>\n<div style=\"text-align: center;\">samba de ver\u00e3o<\/div>\n<div><\/div>\n<div>.<\/div>\n","protected":false},"excerpt":{"rendered":"<p>Bom dia, amigos cultos e ocultos! Ainda continuo no embalo que vim do m\u00eas de julho. \u00c9 como se a festa de anivers\u00e1rio ainda n\u00e3o tivesse chegado ao fim. Ou por outra, no embalo final e et\u00edlico do fim de &hellip; <a href=\"https:\/\/www.toque-musicall.com\/?p=5697\">Continue lendo <span class=\"meta-nav\">&rarr;<\/span><\/a><\/p>\n","protected":false},"author":1,"featured_media":0,"comment_status":"open","ping_status":"closed","sticky":false,"template":"","format":"standard","meta":{"footnotes":""},"categories":[321,70],"tags":[],"class_list":["post-5697","post","type-post","status-publish","format-standard","hentry","category-exposito-e-sua-orquestra","category-selo-rca-victor"],"_links":{"self":[{"href":"https:\/\/www.toque-musicall.com\/index.php?rest_route=\/wp\/v2\/posts\/5697","targetHints":{"allow":["GET"]}}],"collection":[{"href":"https:\/\/www.toque-musicall.com\/index.php?rest_route=\/wp\/v2\/posts"}],"about":[{"href":"https:\/\/www.toque-musicall.com\/index.php?rest_route=\/wp\/v2\/types\/post"}],"author":[{"embeddable":true,"href":"https:\/\/www.toque-musicall.com\/index.php?rest_route=\/wp\/v2\/users\/1"}],"replies":[{"embeddable":true,"href":"https:\/\/www.toque-musicall.com\/index.php?rest_route=%2Fwp%2Fv2%2Fcomments&post=5697"}],"version-history":[{"count":1,"href":"https:\/\/www.toque-musicall.com\/index.php?rest_route=\/wp\/v2\/posts\/5697\/revisions"}],"predecessor-version":[{"id":5698,"href":"https:\/\/www.toque-musicall.com\/index.php?rest_route=\/wp\/v2\/posts\/5697\/revisions\/5698"}],"wp:attachment":[{"href":"https:\/\/www.toque-musicall.com\/index.php?rest_route=%2Fwp%2Fv2%2Fmedia&parent=5697"}],"wp:term":[{"taxonomy":"category","embeddable":true,"href":"https:\/\/www.toque-musicall.com\/index.php?rest_route=%2Fwp%2Fv2%2Fcategories&post=5697"},{"taxonomy":"post_tag","embeddable":true,"href":"https:\/\/www.toque-musicall.com\/index.php?rest_route=%2Fwp%2Fv2%2Ftags&post=5697"}],"curies":[{"name":"wp","href":"https:\/\/api.w.org\/{rel}","templated":true}]}}