{"id":57,"date":"2012-05-22T00:26:00","date_gmt":"2012-05-22T00:26:00","guid":{"rendered":"http:\/\/www.toque-musicall.com\/?p=57"},"modified":"2012-05-22T00:26:00","modified_gmt":"2012-05-22T00:26:00","slug":"antenogenes-silva-edu-da-gaita-jose-menezes-waldir-azevedo-e-dilermando-reis-selecao-78-rpm-do-toque-musical-vol-22-2012","status":"publish","type":"post","link":"https:\/\/www.toque-musicall.com\/?p=57","title":{"rendered":"Anten\u00f3genes Silva, Ed\u00fa Da Gaita, Jos\u00e9 Menezes, Waldir Azevedo E Dilermando Reis &#8211; Sele\u00e7\u00e3o 78 RPM Do Toque Musical &#8211; Vol. 22 (2012)"},"content":{"rendered":"<p><\/p>\n<div style=\"clear: both; text-align: center;\"><a href=\"http:\/\/1.bp.blogspot.com\/-WaK94P_iYY8\/T7rckLlRrWI\/AAAAAAAACSY\/J37MZKC9cFY\/s1600\/CAPAP.JPG\" style=\"margin-left: 1em; margin-right: 1em;\"><img loading=\"lazy\" decoding=\"async\" border=\"0\" height=\"400\" src=\"http:\/\/1.bp.blogspot.com\/-WaK94P_iYY8\/T7rckLlRrWI\/AAAAAAAACSY\/J37MZKC9cFY\/s400\/CAPAP.JPG\" width=\"400\" \/><\/a><\/div>\n<div style=\"clear: both; text-align: center;\"><a href=\"http:\/\/3.bp.blogspot.com\/-OiryhFQUpn8\/T7rcgbZ7G6I\/AAAAAAAACSQ\/H9FBK1FNiKQ\/s1600\/CONTRACAPAp.JPG\" style=\"margin-left: 1em; margin-right: 1em;\"><img loading=\"lazy\" decoding=\"async\" border=\"0\" height=\"400\" src=\"http:\/\/3.bp.blogspot.com\/-OiryhFQUpn8\/T7rcgbZ7G6I\/AAAAAAAACSQ\/H9FBK1FNiKQ\/s400\/CONTRACAPAp.JPG\" width=\"400\" \/><\/a><\/div>\n<div><span style=\"font-family: Georgia, 'Times New Roman', serif;\">Easy listening tupiniquim da melhor qualidade. \u00c9 o que nos oferece esta vig\u00e9sima-segunda edi\u00e7\u00e3o do Grand Record Brazil, apresentando instrumentistas brasileiros que deixaram sua marca em nossa m\u00fasica popular.<\/span><span style=\"font-family: Georgia, 'Times New Roman', serif;\">Come\u00e7amos com um aut\u00eantico mago do acorde\u00e3o: Anten\u00f3genes Silva (1906-2001), mineiro de Uberaba. Ele tamb\u00e9m exerceu profiss\u00f5es paralelas: comerciante de queijos e qu\u00edmico industrial, tendo sido fundador, no Rio de Janeiro, do Laborat\u00f3rio Creme Marc\u00edlia, que existe at\u00e9 hoje. Os discos de Anten\u00f3genes, quando cantados (gravou com muitos int\u00e9rpretes, tais como Gilberto Alves, Alcides Gerardi e Jamel\u00e3o), traziam seu nome em destaque, aparecendo embaixo do de quem cantava, tamanho era seu prest\u00edgio popular. Da extensa discografia de Anten\u00f3genes, foi escalado para esta edi\u00e7\u00e3o o disco Odeon 11739, gravado em 19 de junho de 1939 e lan\u00e7ado em julho seguinte, com duas valsas adaptadas por ele pr\u00f3prio. Abrindo o disco, a matriz 6113 apresenta a tradicional \u201cSaudades de Ouro Preto\u201d, gravada e regravada por in\u00fameros int\u00e9rpretes, entre eles outro sanfoneiro, o grande Luiz Gonzaga (de quem Anten\u00f3genes, ali\u00e1s, afinava ocasionalmente a sanfona, conforme revelou em entrevista a um programa de r\u00e1dio). No verso, matriz 6114, vem \u201cSaudades de Uberaba\u201d, de autoria de Oscar Louzada, cuja primeira grava\u00e7\u00e3o foi feita ainda na fase mec\u00e2nica pelo Grupo Vienense, em 1917. O acompanhamento em ambas as faixas \u00e9 do violonista Rog\u00e9rio Guimar\u00e3es.<\/span><span style=\"font-family: Georgia, 'Times New Roman', serif;\">Em seguida, aquele que sem d\u00favida foi o maior virtuose da gaita que o Brasil j\u00e1 teve: Eduardo Nadruz, ali\u00e1s, Edu da Gaita (Jaguar\u00e3o, RS, 1916-Rio de Janeiro, 1982). Ele aqui aparece com \u201cCapricho nortista\u201d, uma sele\u00e7\u00e3o de bai\u00f5es compostos por Luiz Gonzaga e Humberto Teixeira, numa \u00e9poca em que o bai\u00e3o estava no auge do sucesso. Saiu pela Continental em maio-junho de 1950, ocupando os dois lados do 78 rpm 16192, matrizes 2259 e 2260. O arranjo e a reg\u00eancia do acompanhamento de cordas s\u00e3o de Alexandre Gnattali, irm\u00e3o de Radam\u00e9s.<\/span><span style=\"font-family: Georgia, 'Times New Roman', serif;\">Trazemos depois o multi-instrumentista Jos\u00e9 Menezes de Fran\u00e7a, cearense de Jardim, nascido em 6 de setembro de 1921. O disco aqui apresentado \u00e9 o Sinter 00.00-053, lan\u00e7ado em meados de 1951, em que Menezes executa seu cavaquinho \u00e0 frente de seu conjunto e com a participa\u00e7\u00e3o ao clarinete de outro grande instrumentista brasileiro, Abel Ferreira. Abrindo o disco, matriz S-107, o choro \u201cEncabulado\u201d, do pr\u00f3prio Menezes em parceria com Luiz Bittencourt, ent\u00e3o diretor art\u00edstico da Sinter. No verso, matriz S-108, o cl\u00e1ssico \u201cDe papo pro \u00e1\u201d, de Joubert de Carvalho, em ritmo de bai\u00e3o, e lan\u00e7ado em 1931 por Gast\u00e3o Formenti, com letra de Oleg\u00e1rio Mariano. Jos\u00e9 Menezes, nos anos 1960, criou a orquestra dos Velhinhos Transviados, que tocava m\u00fasicas atuais com arranjos antigos e vice-e-versa, lan\u00e7ando mais de 15 LPs.<\/span><span style=\"font-family: Georgia, 'Times New Roman', serif;\">O nome seguinte \u00e9 uma aut\u00eantica refer\u00eancia quando se fala em solistas de cavaquinho: Waldir Azevedo (Rio de Janeiro, 1923-S\u00e3o Paulo, 1980). Autor e int\u00e9rprete de choros que marcaram \u00e9poca (como \u201cBrasileirinho\u201d, \u201cCarioquinha\u201d, \u201cPedacinhos do c\u00e9u\u201d, \u201cV\u00ea se gostas\u201d e \u201cAmigos do samba\u201d, al\u00e9m do bai\u00e3o \u201cDelicado\u201d, hit internacional), Waldir aqui comparece com o disco Continental 16428, gravado em 27 de junho de 1951 e lan\u00e7ado entre julho e setembro do mesmo ano. No lado A, matriz 2635, Waldir sola o tango \u201cJalousie\u201d, cl\u00e1ssico de autoria do dinamarqu\u00eas Jacob Gad\u00e9, composto em 1925 e sucesso instant\u00e2neo em todo o mundo. No verso, matriz 2637, o choro \u201cCamundongo\u201d, do pr\u00f3prio Waldir em parceria com o pandeirista Risadinha, ent\u00e3o m\u00fasico do conjunto do not\u00e1vel cavaquinista.<\/span><span style=\"font-family: Georgia, 'Times New Roman', serif;\">E, para encerrar com chave de ouro, um violonista que tamb\u00e9m \u00e9 refer\u00eancia obrigat\u00f3ria: Dilermando Reis (Guaratinguet\u00e1, SP, 1916-Rio de Janeiro, 1977). Ele manteve durante anos na lend\u00e1ria R\u00e1dio Nacional carioca o programa \u201cSua majestade, o viol\u00e3o\u201d, al\u00e9m de ter dado aulas de seu instrumento a Juscelino Kubitschek de Oliveira, quando este era presidente do Brasil. Dilermando, um aut\u00eantico mago do viol\u00e3o, comparece aqui com duas grava\u00e7\u00f5es Continental: do disco 17522-A, lan\u00e7ado em janeiro-fevereiro de 1958, matriz C-4075, ele sola sua valsa \u201cSe ela perguntar\u201d, que fora sucesso em 1952 na voz de Carlos Galhardo, com letra de Jair Amorim. E do 78 de n\u00famero 17604-A, lan\u00e7ado em novembro-dezembro do mesmo ano, matriz 12154, ele apresenta a can\u00e7\u00e3o (na verdade, um estudo em mi) \u201cRomance de amor\u201d, de autoria controvertida. Nesse disco, aparece como autor o nome de outro violonista e guitarrista, Vicente G\u00f3mez (Madri, Espanha, 1911-Los Angeles, EUA, 2001). Outras fontes atribuem a paternidade de \u201cRomance de amor\u201d a um misterioso Antonio Rovira, de biografia desconhecida, provavelmente um pseud\u00f4nimo (fala-se at\u00e9 que ele nunca existiu). Ambas as faixas tamb\u00e9m sa\u00edram no LP \u201cSua majestade, o viol\u00e3o\u201d, o segundo de Dilermando e o primeiro no formato-padr\u00e3o de doze polegadas. Enfim, uma primorosa edi\u00e7\u00e3o do GRB, para aqueles que sabem o que \u00e9 bom e apreciam a arte de nossos maiores m\u00fasicos. N\u00e3o deixe de ouvir e guardar!\u00a0<\/span><\/div>\n<p><span style=\"font-family: 'Times New Roman'; font-size: 12pt;\"><br \/><\/span><br \/><span style=\"font-family: 'Times New Roman'; font-size: xx-small;\">*TEXTO DE SAMUEL MACHADO FILHO<\/span><\/p>\n","protected":false},"excerpt":{"rendered":"<p>Easy listening tupiniquim da melhor qualidade. \u00c9 o que nos oferece esta vig\u00e9sima-segunda edi\u00e7\u00e3o do Grand Record Brazil, apresentando instrumentistas brasileiros que deixaram sua marca em nossa m\u00fasica popular.Come\u00e7amos com um aut\u00eantico mago do acorde\u00e3o: Anten\u00f3genes Silva (1906-2001), mineiro de &hellip; <a href=\"https:\/\/www.toque-musicall.com\/?p=57\">Continue lendo <span class=\"meta-nav\">&rarr;<\/span><\/a><\/p>\n","protected":false},"author":1,"featured_media":0,"comment_status":"open","ping_status":"closed","sticky":false,"template":"","format":"standard","meta":{"footnotes":""},"categories":[73,75,76,11,72,13,74],"tags":[],"class_list":["post-57","post","type-post","status-publish","format-standard","hentry","category-antenogenes-silva","category-dilermando-reis","category-edu-da-gaita","category-exclusivos-do-toque-musical","category-jose-menezes","category-selo-grand-record-brazil","category-waldir-azevedo"],"_links":{"self":[{"href":"https:\/\/www.toque-musicall.com\/index.php?rest_route=\/wp\/v2\/posts\/57","targetHints":{"allow":["GET"]}}],"collection":[{"href":"https:\/\/www.toque-musicall.com\/index.php?rest_route=\/wp\/v2\/posts"}],"about":[{"href":"https:\/\/www.toque-musicall.com\/index.php?rest_route=\/wp\/v2\/types\/post"}],"author":[{"embeddable":true,"href":"https:\/\/www.toque-musicall.com\/index.php?rest_route=\/wp\/v2\/users\/1"}],"replies":[{"embeddable":true,"href":"https:\/\/www.toque-musicall.com\/index.php?rest_route=%2Fwp%2Fv2%2Fcomments&post=57"}],"version-history":[{"count":0,"href":"https:\/\/www.toque-musicall.com\/index.php?rest_route=\/wp\/v2\/posts\/57\/revisions"}],"wp:attachment":[{"href":"https:\/\/www.toque-musicall.com\/index.php?rest_route=%2Fwp%2Fv2%2Fmedia&parent=57"}],"wp:term":[{"taxonomy":"category","embeddable":true,"href":"https:\/\/www.toque-musicall.com\/index.php?rest_route=%2Fwp%2Fv2%2Fcategories&post=57"},{"taxonomy":"post_tag","embeddable":true,"href":"https:\/\/www.toque-musicall.com\/index.php?rest_route=%2Fwp%2Fv2%2Ftags&post=57"}],"curies":[{"name":"wp","href":"https:\/\/api.w.org\/{rel}","templated":true}]}}