{"id":5700,"date":"2016-08-03T07:25:28","date_gmt":"2016-08-03T10:25:28","guid":{"rendered":"http:\/\/www.toque-musicall.com\/?p=5700"},"modified":"2016-08-03T07:25:28","modified_gmt":"2016-08-03T10:25:28","slug":"beth-carvalho-beth-1986","status":"publish","type":"post","link":"https:\/\/www.toque-musicall.com\/?p=5700","title":{"rendered":"Beth Carvalho &#8211; Beth (1986)"},"content":{"rendered":"<p><img loading=\"lazy\" decoding=\"async\" class=\"aligncenter\" src=\"https:\/\/1.bp.blogspot.com\/-Poy8onSns_Q\/V6HECPmWATI\/AAAAAAAANP8\/UswP3VqXt5UAHLNQ-QJjFhPh32fC7TtSQCLcB\/s640\/capap.JPG\" width=\"635\" height=\"640\" \/><img loading=\"lazy\" decoding=\"async\" class=\"aligncenter\" src=\"https:\/\/1.bp.blogspot.com\/-ps1lIPb-krc\/V6HECUu6n8I\/AAAAAAAANQA\/vjtpJUQcJAc-2GhwJwVbnXKR_ZzpmGRTQCLcB\/s640\/contrap.JPG\" width=\"637\" height=\"640\" \/><\/p>\n<p>O TM oferece hoje a seus amigos cultos, ocultos e associados mais um \u00e1lbum desta grande dama do samba que \u00e9 Beth Carvalho. Com mais de 50 anos de carreira, ela j\u00e1 recebeu dezessete discos de ouro, nove de platina, e dois DVDs de platina, al\u00e9m de centenas de trof\u00e9us e premia\u00e7\u00f5es.\u00a0E, desta vez, o TM nos traz \u201cBeth\u201d, lan\u00e7ado em 1986 pela RCA (depois BMG, e hoje Sony Music). Produzido por Renato Corr\u00eaa, dos Golden Boys, foi dedicado pela pr\u00f3pria Beth a Nara Le\u00e3o, tamb\u00e9m sua amiga pessoal, a quem sempre admirou por ter buscado os compositores do povo, cantando suas tristezas e alegrias, e captar os anseios populares. Conforme assinala a jornalista Lena Frias no texto de apresenta\u00e7\u00e3o, o disco traz uma Beth \u201cainda mais engajada pol\u00edtico-ideologicamente, comprometida com o pa\u00eds e seus destinos\u201d. O que comprova a faixa de maior sucesso do \u00e1lbum, \u201cCorda no pesco\u00e7o\u201d, de Almir Guineto e Adalto Magalha, a primeira desse trabalho a chamar a aten\u00e7\u00e3o das r\u00e1dios e do p\u00fablico. E cuja letra, infelizmente, continua atual\u00edssima. \u00a0H\u00e1 boas regrava\u00e7\u00f5es de \u201cChega de saudade\u201d, cl\u00e1ssico da bossa nova, e \u201cCoisa de pele\u201d, originalmente sucesso na voz de seu co-autor, Jorge Arag\u00e3o. De quebra, as participa\u00e7\u00f5es especiais de Zeca Pagodinho em \u201cDor de amor\u201d, e da cantora argentina Mercedes Sosa, ent\u00e3o s\u00edmbolo vivo da resist\u00eancia na Am\u00e9rica Latina, em \u201cEu s\u00f3 pe\u00e7o a Deus\u201d, num vigoroso \u201cprotesto da latinidade\u201d. Com direito a um trabalho in\u00e9dito de Cartola, falecido seis anos antes, \u201cEspero por ti\u201d, e uma composi\u00e7\u00e3o do forrozeiro Jorge de Altinho, \u201cEu quero mais\u201d. Em suas treze faixas, \u201cBeth\u201d \u00e9 um trabalho impec\u00e1vel, muito bem produzido, de uma artista que sempre acreditou na arte gestada e nascida em terreiros, botecos e tendinhas, tanto que, quando este disco foi lan\u00e7ado, o chamado \u201cpagode de mesa\u201d estourou nas emissoras de r\u00e1dio, tornando-se mania nacional. H\u00e1 ainda composi\u00e7\u00f5es de Arlindo Cruz, Sombrinha, Luiz Carlos da Vila, verdadeiros \u201ccobras\u201d do samba, enriquecendo ainda mais este LP, sem d\u00favida um ponto alt\u00edssimo na discografia de Beth Carvalho. Um verdadeiro manifesto de brasilidade e latinidade! Confiram&#8230;<\/p>\n<p style=\"text-align: center;\">nas veias do brasil<\/p>\n<p style=\"text-align: center;\">dor de amor<\/p>\n<p style=\"text-align: center;\">caxambu<\/p>\n<p style=\"text-align: center;\">partido alto mora no meu cora\u00e7\u00e3o<\/p>\n<p style=\"text-align: center;\">padroeira<\/p>\n<p style=\"text-align: center;\">fogo de saudade<\/p>\n<p style=\"text-align: center;\">corda no pesco\u00e7o<\/p>\n<p style=\"text-align: center;\">coisa de pele<\/p>\n<p style=\"text-align: center;\">falso reinado<\/p>\n<p style=\"text-align: center;\">chega de saudade<\/p>\n<p style=\"text-align: center;\">eu quero mais<\/p>\n<p style=\"text-align: center;\">espero por ti<\/p>\n<p style=\"text-align: center;\">eu s\u00f3 pe\u00e7o a deus<\/p>\n<p>*Texto de Samuel \u00a0Machado Filho<\/p>\n","protected":false},"excerpt":{"rendered":"<p>O TM oferece hoje a seus amigos cultos, ocultos e associados mais um \u00e1lbum desta grande dama do samba que \u00e9 Beth Carvalho. Com mais de 50 anos de carreira, ela j\u00e1 recebeu dezessete discos de ouro, nove de platina, &hellip; <a href=\"https:\/\/www.toque-musicall.com\/?p=5700\">Continue lendo <span class=\"meta-nav\">&rarr;<\/span><\/a><\/p>\n","protected":false},"author":1,"featured_media":0,"comment_status":"open","ping_status":"closed","sticky":false,"template":"","format":"standard","meta":{"footnotes":""},"categories":[1251,70],"tags":[],"class_list":["post-5700","post","type-post","status-publish","format-standard","hentry","category-beth-carvalho","category-selo-rca-victor"],"_links":{"self":[{"href":"https:\/\/www.toque-musicall.com\/index.php?rest_route=\/wp\/v2\/posts\/5700","targetHints":{"allow":["GET"]}}],"collection":[{"href":"https:\/\/www.toque-musicall.com\/index.php?rest_route=\/wp\/v2\/posts"}],"about":[{"href":"https:\/\/www.toque-musicall.com\/index.php?rest_route=\/wp\/v2\/types\/post"}],"author":[{"embeddable":true,"href":"https:\/\/www.toque-musicall.com\/index.php?rest_route=\/wp\/v2\/users\/1"}],"replies":[{"embeddable":true,"href":"https:\/\/www.toque-musicall.com\/index.php?rest_route=%2Fwp%2Fv2%2Fcomments&post=5700"}],"version-history":[{"count":1,"href":"https:\/\/www.toque-musicall.com\/index.php?rest_route=\/wp\/v2\/posts\/5700\/revisions"}],"predecessor-version":[{"id":5701,"href":"https:\/\/www.toque-musicall.com\/index.php?rest_route=\/wp\/v2\/posts\/5700\/revisions\/5701"}],"wp:attachment":[{"href":"https:\/\/www.toque-musicall.com\/index.php?rest_route=%2Fwp%2Fv2%2Fmedia&parent=5700"}],"wp:term":[{"taxonomy":"category","embeddable":true,"href":"https:\/\/www.toque-musicall.com\/index.php?rest_route=%2Fwp%2Fv2%2Fcategories&post=5700"},{"taxonomy":"post_tag","embeddable":true,"href":"https:\/\/www.toque-musicall.com\/index.php?rest_route=%2Fwp%2Fv2%2Ftags&post=5700"}],"curies":[{"name":"wp","href":"https:\/\/api.w.org\/{rel}","templated":true}]}}