{"id":5703,"date":"2016-08-04T11:50:03","date_gmt":"2016-08-04T14:50:03","guid":{"rendered":"http:\/\/www.toque-musicall.com\/?p=5703"},"modified":"2016-08-07T11:50:21","modified_gmt":"2016-08-07T14:50:21","slug":"mario-pereira-na-praia-1965","status":"publish","type":"post","link":"https:\/\/www.toque-musicall.com\/?p=5703","title":{"rendered":"M\u00e1rio Pereira &#8211; Na Praia (1965)"},"content":{"rendered":"<p><img loading=\"lazy\" decoding=\"async\" class=\"aligncenter\" src=\"https:\/\/2.bp.blogspot.com\/-9t0MTQMYTC0\/V6PEXB6AWtI\/AAAAAAAANQQ\/_TzBGcck3dEgxRf4TcNfRaXdmGZTrzLMgCLcB\/s640\/capap.JPG\" width=\"639\" height=\"640\" \/><img loading=\"lazy\" decoding=\"async\" class=\"alignnone\" src=\"https:\/\/1.bp.blogspot.com\/--O-7lOsuvy4\/V6PEXauFXSI\/AAAAAAAANQU\/eekF0m1GvAQfzEfDd0NsjvmQpJd5RFA1wCLcB\/s640\/contrap.JPG\" width=\"615\" height=\"640\" \/><\/p>\n<p>Boa noite, amigos cultos e ocultos! Trago hoje para voc\u00eas o clarinetista M\u00e1rio Pereira, um m\u00fasico capixaba, que atuou pela CBS nas d\u00e9cadas de 60 e 70. Fez parte do Regional de Canhoto, que foi quem o trouxe para a gravadora. Na CBS, gravou pelo menos uns seis discos, al\u00e9m de participa\u00e7\u00e3o em discos de outros artistas. Formou na d\u00e9cada de 80 seu pr\u00f3prio regional, sendo consagrado com um dos grandes m\u00fasicos do choro. Tamb\u00e9m tinha um conjunto de baile e alegrou muita festa, principalmente nos sub\u00farbios do Rio. Este lp foi o segundo disco gravado por ele. Seu \u00faltimo trabalho, pelo menos at\u00e9 onde eu sei, foi o cd independente &#8220;Gafierando&#8221;, com temas de sua pr\u00f3pria autoria. Confiram&#8230;<\/p>\n<div style=\"text-align: center;\">chorinho no morro<\/div>\n<div style=\"text-align: center;\">o trenzinho<\/div>\n<div style=\"text-align: center;\">sem voc\u00ea tudo \u00e9 tristeza<\/div>\n<div style=\"text-align: center;\">um clarinete triste<\/div>\n<div style=\"text-align: center;\">deixa-me chorar<\/div>\n<div style=\"text-align: center;\">gingando<\/div>\n<div style=\"text-align: center;\">la playa<\/div>\n<div style=\"text-align: center;\">garota tenta\u00e7\u00e3o<\/div>\n<div style=\"text-align: center;\">quando a noite chegar<\/div>\n<div style=\"text-align: center;\">prazer das morenas<\/div>\n<div style=\"text-align: center;\">at\u00e9 quando<\/div>\n<div style=\"text-align: center;\">chorinho na cinel\u00e2ncia<\/div>\n<div style=\"text-align: center;\"><\/div>\n<div style=\"text-align: center;\">.<\/div>\n","protected":false},"excerpt":{"rendered":"<p>Boa noite, amigos cultos e ocultos! Trago hoje para voc\u00eas o clarinetista M\u00e1rio Pereira, um m\u00fasico capixaba, que atuou pela CBS nas d\u00e9cadas de 60 e 70. Fez parte do Regional de Canhoto, que foi quem o trouxe para a &hellip; <a href=\"https:\/\/www.toque-musicall.com\/?p=5703\">Continue lendo <span class=\"meta-nav\">&rarr;<\/span><\/a><\/p>\n","protected":false},"author":1,"featured_media":0,"comment_status":"open","ping_status":"closed","sticky":false,"template":"","format":"standard","meta":{"footnotes":""},"categories":[2735,178],"tags":[],"class_list":["post-5703","post","type-post","status-publish","format-standard","hentry","category-mario-pereira","category-selo-cbs"],"_links":{"self":[{"href":"https:\/\/www.toque-musicall.com\/index.php?rest_route=\/wp\/v2\/posts\/5703","targetHints":{"allow":["GET"]}}],"collection":[{"href":"https:\/\/www.toque-musicall.com\/index.php?rest_route=\/wp\/v2\/posts"}],"about":[{"href":"https:\/\/www.toque-musicall.com\/index.php?rest_route=\/wp\/v2\/types\/post"}],"author":[{"embeddable":true,"href":"https:\/\/www.toque-musicall.com\/index.php?rest_route=\/wp\/v2\/users\/1"}],"replies":[{"embeddable":true,"href":"https:\/\/www.toque-musicall.com\/index.php?rest_route=%2Fwp%2Fv2%2Fcomments&post=5703"}],"version-history":[{"count":1,"href":"https:\/\/www.toque-musicall.com\/index.php?rest_route=\/wp\/v2\/posts\/5703\/revisions"}],"predecessor-version":[{"id":5704,"href":"https:\/\/www.toque-musicall.com\/index.php?rest_route=\/wp\/v2\/posts\/5703\/revisions\/5704"}],"wp:attachment":[{"href":"https:\/\/www.toque-musicall.com\/index.php?rest_route=%2Fwp%2Fv2%2Fmedia&parent=5703"}],"wp:term":[{"taxonomy":"category","embeddable":true,"href":"https:\/\/www.toque-musicall.com\/index.php?rest_route=%2Fwp%2Fv2%2Fcategories&post=5703"},{"taxonomy":"post_tag","embeddable":true,"href":"https:\/\/www.toque-musicall.com\/index.php?rest_route=%2Fwp%2Fv2%2Ftags&post=5703"}],"curies":[{"name":"wp","href":"https:\/\/api.w.org\/{rel}","templated":true}]}}