{"id":5725,"date":"2016-08-16T17:41:53","date_gmt":"2016-08-16T20:41:53","guid":{"rendered":"http:\/\/www.toque-musicall.com\/?p=5725"},"modified":"2016-08-21T17:44:46","modified_gmt":"2016-08-21T20:44:46","slug":"moreira-da-silva-compacto-1964","status":"publish","type":"post","link":"https:\/\/www.toque-musicall.com\/?p=5725","title":{"rendered":"Moreira Da Silva &#8211; Compacto (1964)"},"content":{"rendered":"<p><img loading=\"lazy\" decoding=\"async\" class=\"aligncenter size-large\" src=\"https:\/\/1.bp.blogspot.com\/-yCcosST3eaI\/V7oHh4mlGbI\/AAAAAAAANTM\/piSjPYbtbhALWn00oqTp-s6vBVd1MDytACLcB\/s640\/capap.JPG\" alt=\"\" width=\"640\" height=\"630\" \/><img loading=\"lazy\" decoding=\"async\" class=\"aligncenter size-large\" src=\"https:\/\/1.bp.blogspot.com\/-ENtq8_ZUykg\/V7oHigr4wMI\/AAAAAAAANTQ\/WY4UY4v2Yjcw5kTb8Frq48waenTfm44CgCLcB\/s640\/contrap.JPG\" alt=\"\" width=\"640\" height=\"636\" \/><\/p>\n<p>Boa tarde, amigos cultos e ocultos! Primeiramente, Fora Temer! Essa \u00e9 uma abertura que eu j\u00e1 devia ter adotado. Desde que o golpista tomou o Poder, eu ainda n\u00e3o havia me pronunciado. Ali\u00e1s, eu n\u00e3o estava querendo misturar o que nos uni, que \u00e9 a m\u00fasica, com o que nos separa, que \u00e9 a pol\u00edtica. Infelizmente, neste (es)quisito n\u00e3o se pode esperar bom senso nem do amigo mais culto. A percep\u00e7\u00e3o pol\u00edtica do brasileiro ainda se baseia na simpatia e na cumplicidade. Melhor deixarmos esse assunto de lado. Voltemos nossa aten\u00e7\u00e3o para a m\u00fasica, para os discos e coisas mais agrad\u00e1veis&#8230;<br \/>\nHoje eu trago, para variar, um disco de 7 polegadas. Temos aqui o grande Moreira da Silva em um disquinho raro, um compacto simples Odeon lan\u00e7ado em 1964, possivelmente para o Carnaval daquele ano. Aqui encontramos duas marchinhas de sua pr\u00f3pria autoria, &#8220;Ad\u00e3o sem Eva&#8221; e &#8220;Cassa o mandato dele&#8221;, essa \u00faltima \u00e9 bem apropriada para os dias de hoje. Coincidentemente, no ano do Golpe Militar (e se ca\u00e7ava com dois S!)<\/p>\n<div style=\"text-align: center;\">cassa o mandato dele<\/div>\n<div style=\"text-align: center;\">ad\u00e3o sem eva<\/div>\n<p>.<\/p>\n","protected":false},"excerpt":{"rendered":"<p>Boa tarde, amigos cultos e ocultos! Primeiramente, Fora Temer! Essa \u00e9 uma abertura que eu j\u00e1 devia ter adotado. Desde que o golpista tomou o Poder, eu ainda n\u00e3o havia me pronunciado. Ali\u00e1s, eu n\u00e3o estava querendo misturar o que &hellip; <a href=\"https:\/\/www.toque-musicall.com\/?p=5725\">Continue lendo <span class=\"meta-nav\">&rarr;<\/span><\/a><\/p>\n","protected":false},"author":1,"featured_media":0,"comment_status":"open","ping_status":"closed","sticky":false,"template":"","format":"standard","meta":{"footnotes":""},"categories":[263,93,746,86],"tags":[],"class_list":["post-5725","post","type-post","status-publish","format-standard","hentry","category-carnaval","category-compactos","category-moreira-da-silva","category-selo-odeon"],"_links":{"self":[{"href":"https:\/\/www.toque-musicall.com\/index.php?rest_route=\/wp\/v2\/posts\/5725","targetHints":{"allow":["GET"]}}],"collection":[{"href":"https:\/\/www.toque-musicall.com\/index.php?rest_route=\/wp\/v2\/posts"}],"about":[{"href":"https:\/\/www.toque-musicall.com\/index.php?rest_route=\/wp\/v2\/types\/post"}],"author":[{"embeddable":true,"href":"https:\/\/www.toque-musicall.com\/index.php?rest_route=\/wp\/v2\/users\/1"}],"replies":[{"embeddable":true,"href":"https:\/\/www.toque-musicall.com\/index.php?rest_route=%2Fwp%2Fv2%2Fcomments&post=5725"}],"version-history":[{"count":1,"href":"https:\/\/www.toque-musicall.com\/index.php?rest_route=\/wp\/v2\/posts\/5725\/revisions"}],"predecessor-version":[{"id":5726,"href":"https:\/\/www.toque-musicall.com\/index.php?rest_route=\/wp\/v2\/posts\/5725\/revisions\/5726"}],"wp:attachment":[{"href":"https:\/\/www.toque-musicall.com\/index.php?rest_route=%2Fwp%2Fv2%2Fmedia&parent=5725"}],"wp:term":[{"taxonomy":"category","embeddable":true,"href":"https:\/\/www.toque-musicall.com\/index.php?rest_route=%2Fwp%2Fv2%2Fcategories&post=5725"},{"taxonomy":"post_tag","embeddable":true,"href":"https:\/\/www.toque-musicall.com\/index.php?rest_route=%2Fwp%2Fv2%2Ftags&post=5725"}],"curies":[{"name":"wp","href":"https:\/\/api.w.org\/{rel}","templated":true}]}}