{"id":573,"date":"2011-01-20T13:21:00","date_gmt":"2011-01-20T13:21:00","guid":{"rendered":"http:\/\/www.toque-musicall.com\/?p=573"},"modified":"2011-01-20T13:21:00","modified_gmt":"2011-01-20T13:21:00","slug":"canto-ao-brasil-por-poetas-espanhois-196","status":"publish","type":"post","link":"https:\/\/www.toque-musicall.com\/?p=573","title":{"rendered":"Canto Ao Brasil Por Poetas Espanh\u00f3is (196?)"},"content":{"rendered":"<p><a href=\"http:\/\/1.bp.blogspot.com\/_DSKVEvHtskc\/TTg3Fj-A7YI\/AAAAAAAAHlU\/g4TJT3PGXas\/s1600\/canto+ao+brasil+P.JPG\"><img decoding=\"async\" style=\"TEXT-ALIGN: center; MARGIN: 0px auto 10px; WIDTH: 400px; DISPLAY: block; HEIGHT: 395px; CURSOR: hand\" id=\"BLOGGER_PHOTO_ID_5564257908310470018\" border=\"0\" alt=\"\" src=\"http:\/\/1.bp.blogspot.com\/_DSKVEvHtskc\/TTg3Fj-A7YI\/AAAAAAAAHlU\/g4TJT3PGXas\/s400\/canto+ao+brasil+P.JPG\" \/><\/a> Bom dia, amigos cultos e ocultos! No pr\u00f3ximo s\u00e1bado eu estarei viajando sem destino certo. T\u00f4 pegando o carro, mulher, filho e empregada. Vamos por a\u00ed, seguindo a trilha do sol, fugindo das chuvas, buscando uma semana de paz. Mesmo assim, n\u00e3o deixarei de levar o Toque Musical comigo, pois se tiver jeito eu irei postando minhas reservas. Meus &#8216;discos de gaveta&#8217;.<br \/>Fazendo jus a fama de um blog &#8216;seboso&#8217; e imprevis\u00edvel, e tamb\u00e9m porque na sequ\u00eancia vamos de poesia, eu hoje separei para os amigos um disquinho curioso. Temos aqui um lp reunindo quatro poetas espanh\u00f3is &#8211; Ricardo Couto, Isidro \u00c1lvarez Alonso, Antonio Leir\u00f3s P\u00e9rez e Santiago Frias. Todos eles tiveram passagem pelo Brasil e naturalmente, no encanto que \u00e9 essa nossa terra, n\u00e3o pouparam os seus versos. No disco, a intepreta\u00e7\u00e3o (declama\u00e7\u00e3o) \u00e9 de outro espanhol, chamado Garc\u00eda De Sabadell.<br \/>Este \u00e1lbum faz parte de uma s\u00e9rie de LPs lan\u00e7ados pela conceituada livraria e editora paulista dos anos 50 e 60, a Mestre Jou, no centro de Sampa. A livraria fechou as portas no in\u00edcio dos anos 80, com a morte do propriet\u00e1rio, o chileno Felipe Mestre Jou.<\/p>\n<div align=\"center\">brasil-carmem miranda &#8211; isidro alvarez<\/div>\n<div align=\"center\">brasil en ritmo de samba &#8211; antonio leir\u00f3s perez<\/div>\n<div align=\"center\">el pescador &#8211; santiago frias<\/div>\n<div align=\"center\">suite brasile\u00f1a &#8211; isidro alvarez<\/div>\n<div align=\"center\">verde sinfonia del brasil &#8211; santiago frias<\/div>\n<div align=\"center\">canci\u00f3n del negro &#8211; ricardo couto<\/div>\n<div align=\"center\">amor brasile\u00f1o &#8211; isidro g. hernandez e garc\u00eda de sabadell<\/div>\n<div align=\"center\">emigrante enamorado &#8211; isidro g. hernandez e garc\u00eda de sabadell<\/div>\n<div align=\"center\">mirando a la cruz del sur &#8211; antonio leir\u00f3s perez<\/div>\n<div align=\"center\">planalto de f\u00e9 &#8211; ricardo couto<\/div>\n<div align=\"center\"> <\/div>\n<div align=\"center\"> <\/div>\n","protected":false},"excerpt":{"rendered":"<p>Bom dia, amigos cultos e ocultos! No pr\u00f3ximo s\u00e1bado eu estarei viajando sem destino certo. T\u00f4 pegando o carro, mulher, filho e empregada. Vamos por a\u00ed, seguindo a trilha do sol, fugindo das chuvas, buscando uma semana de paz. Mesmo &hellip; <a href=\"https:\/\/www.toque-musicall.com\/?p=573\">Continue lendo <span class=\"meta-nav\">&rarr;<\/span><\/a><\/p>\n","protected":false},"author":1,"featured_media":0,"comment_status":"open","ping_status":"closed","sticky":false,"template":"","format":"standard","meta":{"footnotes":""},"categories":[318],"tags":[],"class_list":["post-573","post","type-post","status-publish","format-standard","hentry","category-poesia"],"_links":{"self":[{"href":"https:\/\/www.toque-musicall.com\/index.php?rest_route=\/wp\/v2\/posts\/573","targetHints":{"allow":["GET"]}}],"collection":[{"href":"https:\/\/www.toque-musicall.com\/index.php?rest_route=\/wp\/v2\/posts"}],"about":[{"href":"https:\/\/www.toque-musicall.com\/index.php?rest_route=\/wp\/v2\/types\/post"}],"author":[{"embeddable":true,"href":"https:\/\/www.toque-musicall.com\/index.php?rest_route=\/wp\/v2\/users\/1"}],"replies":[{"embeddable":true,"href":"https:\/\/www.toque-musicall.com\/index.php?rest_route=%2Fwp%2Fv2%2Fcomments&post=573"}],"version-history":[{"count":0,"href":"https:\/\/www.toque-musicall.com\/index.php?rest_route=\/wp\/v2\/posts\/573\/revisions"}],"wp:attachment":[{"href":"https:\/\/www.toque-musicall.com\/index.php?rest_route=%2Fwp%2Fv2%2Fmedia&parent=573"}],"wp:term":[{"taxonomy":"category","embeddable":true,"href":"https:\/\/www.toque-musicall.com\/index.php?rest_route=%2Fwp%2Fv2%2Fcategories&post=573"},{"taxonomy":"post_tag","embeddable":true,"href":"https:\/\/www.toque-musicall.com\/index.php?rest_route=%2Fwp%2Fv2%2Ftags&post=573"}],"curies":[{"name":"wp","href":"https:\/\/api.w.org\/{rel}","templated":true}]}}