{"id":574,"date":"2011-01-19T16:44:00","date_gmt":"2011-01-19T16:44:00","guid":{"rendered":"http:\/\/www.toque-musicall.com\/?p=574"},"modified":"2011-01-19T16:44:00","modified_gmt":"2011-01-19T16:44:00","slug":"show-1953","status":"publish","type":"post","link":"https:\/\/www.toque-musicall.com\/?p=574","title":{"rendered":"Show (1953)"},"content":{"rendered":"<p><a href=\"http:\/\/2.bp.blogspot.com\/_DSKVEvHtskc\/TTcYUYK3BeI\/AAAAAAAAHlI\/3N1RaAXeqqk\/s1600\/show+P.JPG\"><img decoding=\"async\" style=\"TEXT-ALIGN: center; MARGIN: 0px auto 10px; WIDTH: 400px; DISPLAY: block; HEIGHT: 396px; CURSOR: hand\" id=\"BLOGGER_PHOTO_ID_5563942603003987426\" border=\"0\" alt=\"\" src=\"http:\/\/2.bp.blogspot.com\/_DSKVEvHtskc\/TTcYUYK3BeI\/AAAAAAAAHlI\/3N1RaAXeqqk\/s400\/show+P.JPG\" \/><\/a> Ol\u00e1, amigos cultos e ocultos! Aqui vai mais um disquinho que eu comprei do catador de papel. Alguns desses \u00e1lbuns eu estou tendo, tamb\u00e9m, o prazer de conhecer e ouvir s\u00f3 agora. \u00c9 o caso deste lp de 10 polegadas, um dos primeiros lan\u00e7ados pela Musidisc. Trata-se de uma colet\u00e2nea, obviamente, de artistas da gravadora. Nomes como os que (quase) podemos ler na estampa da capa: Britinho; L\u00e9o Peracchi; Nuno Roland; Trio Surdina; Nilo S\u00e9rgio (cantando); Djalma Ferreira com Helena de Lima, que s\u00f3 aparece nos cr\u00e9ditos do selo, a atriz Renata Fronzi como cantora e ainda a mexicana Elvira Rios. Realmente um show para a \u00e9poca. A qualidade da grava\u00e7\u00e3o \u00e9 muito boa, comparada a de outras gravadoras naquele tempo. Por\u00e9m, alguns arranh\u00f5es e estalos s\u00e3o inevit\u00e1veis. S\u00e3o marcas de um disco com 58 anos de idade!<\/p>\n<div align=\"center\">se eu morresse amanh\u00e3 &#8211; renata fronzi<\/div>\n<div align=\"center\">joaozinho boa pinta &#8211; trio surdina<\/div>\n<div align=\"center\">volta &#8211; nuno roland<\/div>\n<div align=\"center\">pensando em ti &#8211; leo peracchi<\/div>\n<div align=\"center\">desencuentro &#8211; elvira rios<\/div>\n<div align=\"center\">defini\u00e7\u00e3o &#8211; nilo sergio<\/div>\n<div align=\"center\">tarde demais &#8211; djalma ferreira e helena de lima<\/div>\n<div align=\"center\">lilian &#8211; leal brito<\/div>\n<div align=\"center\"><\/div>\n<div align=\"center\"><\/div>\n","protected":false},"excerpt":{"rendered":"<p>Ol\u00e1, amigos cultos e ocultos! Aqui vai mais um disquinho que eu comprei do catador de papel. Alguns desses \u00e1lbuns eu estou tendo, tamb\u00e9m, o prazer de conhecer e ouvir s\u00f3 agora. \u00c9 o caso deste lp de 10 polegadas, &hellip; <a href=\"https:\/\/www.toque-musicall.com\/?p=574\">Continue lendo <span class=\"meta-nav\">&rarr;<\/span><\/a><\/p>\n","protected":false},"author":1,"featured_media":0,"comment_status":"open","ping_status":"closed","sticky":false,"template":"","format":"standard","meta":{"footnotes":""},"categories":[707,865,864,450,863,144,862,737],"tags":[],"class_list":["post-574","post","type-post","status-publish","format-standard","hentry","category-djalma-ferreira-e-seu-conjunto","category-elvira-rios","category-leal-brito","category-leo-peracchi","category-nilo-sergio","category-nuno-roland","category-renata-fronzi","category-trio-surdina"],"_links":{"self":[{"href":"https:\/\/www.toque-musicall.com\/index.php?rest_route=\/wp\/v2\/posts\/574","targetHints":{"allow":["GET"]}}],"collection":[{"href":"https:\/\/www.toque-musicall.com\/index.php?rest_route=\/wp\/v2\/posts"}],"about":[{"href":"https:\/\/www.toque-musicall.com\/index.php?rest_route=\/wp\/v2\/types\/post"}],"author":[{"embeddable":true,"href":"https:\/\/www.toque-musicall.com\/index.php?rest_route=\/wp\/v2\/users\/1"}],"replies":[{"embeddable":true,"href":"https:\/\/www.toque-musicall.com\/index.php?rest_route=%2Fwp%2Fv2%2Fcomments&post=574"}],"version-history":[{"count":0,"href":"https:\/\/www.toque-musicall.com\/index.php?rest_route=\/wp\/v2\/posts\/574\/revisions"}],"wp:attachment":[{"href":"https:\/\/www.toque-musicall.com\/index.php?rest_route=%2Fwp%2Fv2%2Fmedia&parent=574"}],"wp:term":[{"taxonomy":"category","embeddable":true,"href":"https:\/\/www.toque-musicall.com\/index.php?rest_route=%2Fwp%2Fv2%2Fcategories&post=574"},{"taxonomy":"post_tag","embeddable":true,"href":"https:\/\/www.toque-musicall.com\/index.php?rest_route=%2Fwp%2Fv2%2Ftags&post=574"}],"curies":[{"name":"wp","href":"https:\/\/api.w.org\/{rel}","templated":true}]}}