{"id":575,"date":"2011-01-18T23:41:00","date_gmt":"2011-01-18T23:41:00","guid":{"rendered":"http:\/\/www.toque-musicall.com\/?p=575"},"modified":"2011-01-18T23:41:00","modified_gmt":"2011-01-18T23:41:00","slug":"alvaro-moreyra-olegario-mariano-1956","status":"publish","type":"post","link":"https:\/\/www.toque-musicall.com\/?p=575","title":{"rendered":"\u00c1lvaro Moreyra &#8211; Oleg\u00e1rio Mariano (1956)"},"content":{"rendered":"<p><a href=\"http:\/\/4.bp.blogspot.com\/_DSKVEvHtskc\/TTYlfbFmPyI\/AAAAAAAAHk8\/ig8hq_-rEcU\/s1600\/olegariao+P.JPG\"><img decoding=\"async\" alt=\"\" border=\"0\" id=\"BLOGGER_PHOTO_ID_5563675611440234274\" src=\"http:\/\/4.bp.blogspot.com\/_DSKVEvHtskc\/TTYlfbFmPyI\/AAAAAAAAHk8\/ig8hq_-rEcU\/s400\/olegariao+P.JPG\" style=\"cursor: hand; display: block; height: 398px; margin: 0px auto 10px; text-align: center; width: 400px;\" \/><\/a> Ol\u00e1! Hoje serei breve. Ainda n\u00e3o s\u00e3o 22 horas e eu j\u00e1 estou babando de sono (<span>atrasado<\/span>, com certeza). Por essa raz\u00e3o, vamos ao disco do dia&#8230; Nossa semana continua como a outra, segue entre poesia e m\u00fasica.<\/p>\n<div>Segue outro \u00e1lbum da s\u00e9rie de discos de poesia lan\u00e7ados pelo selo Festa, do jornalista <span>Irineu<\/span> Garcia. Temos aqui dois poetas, hoje pouco lembrados, <span>Alvaro<\/span> <span>Moreyra<\/span> e <span>Olegario<\/span> Mariano. Cada um dos poetas tem um lado do disco, onde nos apresentam, eles <span>pr\u00f3prios<\/span>, os seus poemas.<\/div>\n<div align=\"center\">.<\/div>\n<div><\/div>\n<div><\/div>\n<div align=\"center\"><em><span>oleg\u00e1rio<\/span> mariano:<\/em><\/div>\n<div align=\"center\">o homem da noite<\/div>\n<div align=\"center\">a velha estrada<\/div>\n<div align=\"center\">paisagem natal<\/div>\n<div align=\"center\">ao calor da lareira<\/div>\n<div align=\"center\">tu ficar\u00e1s<\/div>\n<div align=\"center\"><em><span>alvaro<\/span> <span>moreyra<\/span>:<\/em><\/div>\n<div align=\"center\">ora\u00e7\u00e3o<\/div>\n<div align=\"center\">minha m\u00e3e<\/div>\n<div align=\"center\">minha dor<\/div>\n<div align=\"center\">can\u00e7\u00e3o do realejo<\/div>\n<div align=\"center\">amor<\/div>\n<div align=\"center\"><span>projeto<\/span><\/div>\n<div align=\"center\">bem<\/div>\n<div align=\"center\">vantagem <\/div>\n<div align=\"center\">ora\u00e7\u00e3o de santo <span>antonio<\/span><\/div>\n<div align=\"center\">can\u00e7\u00e3o <\/div>\n<div align=\"center\">tema<\/div>\n","protected":false},"excerpt":{"rendered":"<p>Ol\u00e1! Hoje serei breve. Ainda n\u00e3o s\u00e3o 22 horas e eu j\u00e1 estou babando de sono (atrasado, com certeza). Por essa raz\u00e3o, vamos ao disco do dia&#8230; Nossa semana continua como a outra, segue entre poesia e m\u00fasica. Segue outro &hellip; <a href=\"https:\/\/www.toque-musicall.com\/?p=575\">Continue lendo <span class=\"meta-nav\">&rarr;<\/span><\/a><\/p>\n","protected":false},"author":1,"featured_media":0,"comment_status":"open","ping_status":"closed","sticky":false,"template":"","format":"standard","meta":{"footnotes":""},"categories":[867,866,318,517],"tags":[],"class_list":["post-575","post","type-post","status-publish","format-standard","hentry","category-alvaro-moreyra","category-olegario-mariano","category-poesia","category-selo-festa"],"_links":{"self":[{"href":"https:\/\/www.toque-musicall.com\/index.php?rest_route=\/wp\/v2\/posts\/575","targetHints":{"allow":["GET"]}}],"collection":[{"href":"https:\/\/www.toque-musicall.com\/index.php?rest_route=\/wp\/v2\/posts"}],"about":[{"href":"https:\/\/www.toque-musicall.com\/index.php?rest_route=\/wp\/v2\/types\/post"}],"author":[{"embeddable":true,"href":"https:\/\/www.toque-musicall.com\/index.php?rest_route=\/wp\/v2\/users\/1"}],"replies":[{"embeddable":true,"href":"https:\/\/www.toque-musicall.com\/index.php?rest_route=%2Fwp%2Fv2%2Fcomments&post=575"}],"version-history":[{"count":0,"href":"https:\/\/www.toque-musicall.com\/index.php?rest_route=\/wp\/v2\/posts\/575\/revisions"}],"wp:attachment":[{"href":"https:\/\/www.toque-musicall.com\/index.php?rest_route=%2Fwp%2Fv2%2Fmedia&parent=575"}],"wp:term":[{"taxonomy":"category","embeddable":true,"href":"https:\/\/www.toque-musicall.com\/index.php?rest_route=%2Fwp%2Fv2%2Fcategories&post=575"},{"taxonomy":"post_tag","embeddable":true,"href":"https:\/\/www.toque-musicall.com\/index.php?rest_route=%2Fwp%2Fv2%2Ftags&post=575"}],"curies":[{"name":"wp","href":"https:\/\/api.w.org\/{rel}","templated":true}]}}