{"id":5756,"date":"2016-09-11T19:26:18","date_gmt":"2016-09-11T22:26:18","guid":{"rendered":"http:\/\/www.toque-musicall.com\/?p=5756"},"modified":"2016-09-16T19:33:26","modified_gmt":"2016-09-16T22:33:26","slug":"porto-alegre-83-1983","status":"publish","type":"post","link":"https:\/\/www.toque-musicall.com\/?p=5756","title":{"rendered":"Porto Alegre 83 (1983)"},"content":{"rendered":"<p><img loading=\"lazy\" decoding=\"async\" class=\"aligncenter size-large\" src=\"https:\/\/3.bp.blogspot.com\/-wA_JuXi1_Cs\/V9xjWK_c-GI\/AAAAAAAANXM\/AmbiSYzuFRMEt89NCxqRbZr160q_HS2mQCLcB\/s640\/capap.JPG\" alt=\"\" width=\"640\" height=\"638\" \/><img loading=\"lazy\" decoding=\"async\" class=\"aligncenter size-large\" src=\"https:\/\/3.bp.blogspot.com\/-9_RJGagH0mA\/V9xjWEAA0cI\/AAAAAAAANXQ\/pmi7FJNi9Y02MGOyUrs9pED0M1MfIAUuwCLcB\/s640\/contrap.JPG\" alt=\"\" width=\"640\" height=\"634\" \/><\/p>\n<p>Ol\u00e1, amigos cultos e ocultos! Entre as obscuridades musicais vindas do Sul, temos aqui um disco dos mais interessantes. Produ\u00e7\u00e3o independente para uma colet\u00e2nea trazendo alguns dos mais expressivos artistas da cena musical ga\u00facha, nos anos 80. Este disco figura como um dos mais importantes trabalhos da mpb ga\u00facha. Infelizmente, pouco conhecido al\u00e9m das fronteiras da capital, Porto Alegre. Confiram, pois s\u00f3 aqui voc\u00ea conhece e escuta isso&#8230;<\/p>\n<div style=\"text-align: center;\">radiko laps<\/div>\n<div style=\"text-align: center;\">boca da noite<\/div>\n<div style=\"text-align: center;\">para dija &#8211; fernando o<\/div>\n<div style=\"text-align: center;\">solid\u00e3o &#8211; caio trein<\/div>\n<div style=\"text-align: center;\">saias rodando &#8211; giba giba<\/div>\n<div style=\"text-align: center;\">saudade &#8211; caio trein<\/div>\n<div style=\"text-align: center;\">sacudindo &#8211; geraldo flach<\/div>\n<div style=\"text-align: center;\">sopapo &#8211; giba giba<\/div>\n<div style=\"text-align: center;\">rosa formosa &#8211; kim ribeiro<\/div>\n<div style=\"text-align: center;\">evas\u00e3o &#8211; marcelo nadrus<\/div>\n<div><\/div>\n<div>.<\/div>\n","protected":false},"excerpt":{"rendered":"<p>Ol\u00e1, amigos cultos e ocultos! Entre as obscuridades musicais vindas do Sul, temos aqui um disco dos mais interessantes. Produ\u00e7\u00e3o independente para uma colet\u00e2nea trazendo alguns dos mais expressivos artistas da cena musical ga\u00facha, nos anos 80. Este disco figura &hellip; <a href=\"https:\/\/www.toque-musicall.com\/?p=5756\">Continue lendo <span class=\"meta-nav\">&rarr;<\/span><\/a><\/p>\n","protected":false},"author":1,"featured_media":0,"comment_status":"open","ping_status":"closed","sticky":false,"template":"","format":"standard","meta":{"footnotes":""},"categories":[64,2759],"tags":[],"class_list":["post-5756","post","type-post","status-publish","format-standard","hentry","category-coletanea","category-porto-alegre-83"],"_links":{"self":[{"href":"https:\/\/www.toque-musicall.com\/index.php?rest_route=\/wp\/v2\/posts\/5756","targetHints":{"allow":["GET"]}}],"collection":[{"href":"https:\/\/www.toque-musicall.com\/index.php?rest_route=\/wp\/v2\/posts"}],"about":[{"href":"https:\/\/www.toque-musicall.com\/index.php?rest_route=\/wp\/v2\/types\/post"}],"author":[{"embeddable":true,"href":"https:\/\/www.toque-musicall.com\/index.php?rest_route=\/wp\/v2\/users\/1"}],"replies":[{"embeddable":true,"href":"https:\/\/www.toque-musicall.com\/index.php?rest_route=%2Fwp%2Fv2%2Fcomments&post=5756"}],"version-history":[{"count":1,"href":"https:\/\/www.toque-musicall.com\/index.php?rest_route=\/wp\/v2\/posts\/5756\/revisions"}],"predecessor-version":[{"id":5757,"href":"https:\/\/www.toque-musicall.com\/index.php?rest_route=\/wp\/v2\/posts\/5756\/revisions\/5757"}],"wp:attachment":[{"href":"https:\/\/www.toque-musicall.com\/index.php?rest_route=%2Fwp%2Fv2%2Fmedia&parent=5756"}],"wp:term":[{"taxonomy":"category","embeddable":true,"href":"https:\/\/www.toque-musicall.com\/index.php?rest_route=%2Fwp%2Fv2%2Fcategories&post=5756"},{"taxonomy":"post_tag","embeddable":true,"href":"https:\/\/www.toque-musicall.com\/index.php?rest_route=%2Fwp%2Fv2%2Ftags&post=5756"}],"curies":[{"name":"wp","href":"https:\/\/api.w.org\/{rel}","templated":true}]}}