{"id":576,"date":"2011-01-17T10:10:00","date_gmt":"2011-01-17T10:10:00","guid":{"rendered":"http:\/\/www.toque-musicall.com\/?p=576"},"modified":"2014-03-25T20:22:17","modified_gmt":"2014-03-25T23:22:17","slug":"aldemar-brandao-nossa-terra-nosso-mar-1956","status":"publish","type":"post","link":"https:\/\/www.toque-musicall.com\/?p=576","title":{"rendered":"Aldemar Brand\u00e3o &#8211; Nossa Terra&#8230; Nosso Mar&#8230; (1956)"},"content":{"rendered":"<p><a href=\"http:\/\/1.bp.blogspot.com\/_DSKVEvHtskc\/TTQV5H5iKzI\/AAAAAAAAHkw\/wl5LVdR6abc\/s1600\/aldemar+P.JPG\"><img decoding=\"async\" id=\"BLOGGER_PHOTO_ID_5563095510826494770\" style=\"text-align: center; margin: 0px auto 10px; width: 389px; display: block; height: 400px; cursor: hand;\" alt=\"\" src=\"http:\/\/1.bp.blogspot.com\/_DSKVEvHtskc\/TTQV5H5iKzI\/AAAAAAAAHkw\/wl5LVdR6abc\/s400\/aldemar+P.JPG\" border=\"0\" \/><\/a> Ol\u00e1, amigos cultos e ocultos! Demorei, mas cheguei&#8230; Tenho certeza que com esta postagem voc\u00eas ir\u00e3o me desculpar o atraso. A come\u00e7ar por termos aqui mais um esperado disco da Sinter e ser este um outro raro exemplar que merece toda a nossa aten\u00e7\u00e3o.<br \/>\nAlgu\u00e9m aqui j\u00e1 ouviu falar em Aldemar Brand\u00e3o? Possivelmente, poucos saber\u00e3o responder quem foi este artista. Se me perguntassem isso algumas semanas atr\u00e1s, eu tamb\u00e9m n\u00e3o saberia responder e acho que ainda continuo sem muitas respostas. Talvez, se tivessem me apresentado o disco apenas pelo som, eu diria desatento que era algu\u00e9m cantando Dorival Caymmi. Digo desatento, no sentido de ignorar, momentaneamente, a obra do grande compositor baiano. Quando ouvi este disco pela primeira vez, uma d\u00favida me veio \u00e0 mente, seriam m\u00fasicas de Dorival Caymmi? Afinal aquilo eram m\u00fasicas praieiras como as do velho baiano. Imediatamente puxei da capa e retomei a leitura completa de tudo que estava escrito no disco. Queria confirmar minha suspeita. Qual nada! Pelo jeito aqui, de Caymmi, s\u00f3 mesmo a inspira\u00e7\u00e3o, o estilo e o baiano&#8230; Nosso artista, Aldemar Brand\u00e3o foi tamb\u00e9m um compositor baiano, da mesma safra do <a href=\"http:\/\/toque-musicall.blogspot.com\/2011\/01\/aristeu-queiroz-canta-bahia-1953.html\">Aristeu Queiroz<\/a>. Por\u00e9m, atrav\u00e9s da rede ele \u00e9 ainda mais obscuro, no m\u00e1ximo uma cita\u00e7\u00e3o. Quem mais se aproximou e talvez \u00e9 quem possa nos iluminar nessa hora \u00e9 o <a href=\"http:\/\/www.luizamerico.com.br\/index.php\">Luiz Am\u00e9rico Lisboa Junior<\/a>, quando ele cita em seu artigo, <a href=\"http:\/\/www.luizamerico.com.br\/news\/index.php?sec=ext&amp;act=read&amp;id=MZn9016015ee9\">&#8220;Bahia, ber\u00e7o e tradi\u00e7\u00e3o da m\u00fasica popular brasileira&#8221;<\/a>, entre outros o nome de Aldemar Brand\u00e3o, como um dos talentos baianos que se destacava no cen\u00e1rio musical dos anos 50. Me parece, n\u00e3o apenas por este disco, que Aldemar trilhava o caminho da m\u00fasica regional e de sua terra, a Bahia. N\u00e3o deve ser por acaso que ele foi parceiro da <a href=\"http:\/\/toque-musicall.blogspot.com\/search\/label\/Dil%C3%BA%20Mello\">Dil\u00fa Mello<\/a> no jongo &#8220;Concei\u00e7\u00e3o da praia&#8221;, gravado pela cantora Marlene.<br \/>\nO certo \u00e9 que Aldemar Brand\u00e3o, neste disco de 56, encarna a mesma figura de Dorival Caymmi em 1935, quando estreou suas &#8220;Can\u00e7\u00f5es Praieiras&#8221;. At\u00e9 mesmo o estilo Caymmi est\u00e1 presente na grava\u00e7\u00e3o, apenas voz e viol\u00e3o. Ao contr\u00e1rio do que possa parecer, a m\u00fasica de Aldemar Brand\u00e3o n\u00e3o se prende \u00e0 semelhan\u00e7a copiosa. Ela \u00e9 aut\u00eantica e tem qualidade. Fala com a mesma inspira\u00e7\u00e3o das coisas da terra e do mar da Bahia. \u00c9 Caymmi&#8230; \ud83d\ude42<\/p>\n<div align=\"center\">\u00e9 noite<\/div>\n<div align=\"center\">a mar\u00e9 secou<\/div>\n<div align=\"center\">doce de c\u00f4co<\/div>\n<div align=\"center\">adeus do jangadeiro<\/div>\n<div align=\"center\">capit\u00e3o de areia<\/div>\n<div align=\"center\">lavagem do bonfim<\/div>\n<div align=\"center\">eu n\u00e3o ligo a bahiana<\/div>\n<div align=\"center\">dois de julho<\/div>\n<div align=\"center\">amor de pescador<\/div>\n<div align=\"center\">sacy perer\u00ea<\/div>\n<div align=\"center\"><\/div>\n<div align=\"center\"><\/div>\n","protected":false},"excerpt":{"rendered":"<p>Ol\u00e1, amigos cultos e ocultos! Demorei, mas cheguei&#8230; Tenho certeza que com esta postagem voc\u00eas ir\u00e3o me desculpar o atraso. A come\u00e7ar por termos aqui mais um esperado disco da Sinter e ser este um outro raro exemplar que merece &hellip; <a href=\"https:\/\/www.toque-musicall.com\/?p=576\">Continue lendo <span class=\"meta-nav\">&rarr;<\/span><\/a><\/p>\n","protected":false},"author":1,"featured_media":0,"comment_status":"open","ping_status":"closed","sticky":false,"template":"","format":"standard","meta":{"footnotes":""},"categories":[868],"tags":[],"class_list":["post-576","post","type-post","status-publish","format-standard","hentry","category-aldemar-brandao"],"_links":{"self":[{"href":"https:\/\/www.toque-musicall.com\/index.php?rest_route=\/wp\/v2\/posts\/576","targetHints":{"allow":["GET"]}}],"collection":[{"href":"https:\/\/www.toque-musicall.com\/index.php?rest_route=\/wp\/v2\/posts"}],"about":[{"href":"https:\/\/www.toque-musicall.com\/index.php?rest_route=\/wp\/v2\/types\/post"}],"author":[{"embeddable":true,"href":"https:\/\/www.toque-musicall.com\/index.php?rest_route=\/wp\/v2\/users\/1"}],"replies":[{"embeddable":true,"href":"https:\/\/www.toque-musicall.com\/index.php?rest_route=%2Fwp%2Fv2%2Fcomments&post=576"}],"version-history":[{"count":1,"href":"https:\/\/www.toque-musicall.com\/index.php?rest_route=\/wp\/v2\/posts\/576\/revisions"}],"predecessor-version":[{"id":4072,"href":"https:\/\/www.toque-musicall.com\/index.php?rest_route=\/wp\/v2\/posts\/576\/revisions\/4072"}],"wp:attachment":[{"href":"https:\/\/www.toque-musicall.com\/index.php?rest_route=%2Fwp%2Fv2%2Fmedia&parent=576"}],"wp:term":[{"taxonomy":"category","embeddable":true,"href":"https:\/\/www.toque-musicall.com\/index.php?rest_route=%2Fwp%2Fv2%2Fcategories&post=576"},{"taxonomy":"post_tag","embeddable":true,"href":"https:\/\/www.toque-musicall.com\/index.php?rest_route=%2Fwp%2Fv2%2Ftags&post=576"}],"curies":[{"name":"wp","href":"https:\/\/api.w.org\/{rel}","templated":true}]}}