{"id":5760,"date":"2016-09-12T19:53:05","date_gmt":"2016-09-12T22:53:05","guid":{"rendered":"http:\/\/www.toque-musicall.com\/?p=5760"},"modified":"2016-09-18T08:26:00","modified_gmt":"2016-09-18T11:26:00","slug":"rascunho-automatico-3","status":"publish","type":"post","link":"https:\/\/www.toque-musicall.com\/?p=5760","title":{"rendered":"Daltony &#8211; Cirrose (1983)"},"content":{"rendered":"<p><img loading=\"lazy\" decoding=\"async\" class=\"aligncenter size-large\" src=\"https:\/\/1.bp.blogspot.com\/-TfFMoCnUCV8\/V93FLXRuokI\/AAAAAAAANXg\/7EXUIxOi4o8PmxCssgPO4JWIyelVITpHgCLcB\/s640\/capap.JPG\" alt=\"\" width=\"640\" height=\"634\" \/><img loading=\"lazy\" decoding=\"async\" class=\"aligncenter size-large\" src=\"https:\/\/1.bp.blogspot.com\/-0ABpcQvVOOc\/V93FLYxU-oI\/AAAAAAAANXk\/aJ3NWASOUQkLnVW8DuK_LA8S1_W9qbXFwCLcB\/s640\/contrap.JPG\" alt=\"\" width=\"621\" height=\"640\" \/><\/p>\n<p>Boa noite, amigos cultos e ocultos! H\u00e1 algum tempo atr\u00e1s eu trouxe aqui um compacto do cantor, compositor e violonista Daltony N\u00f3brega. Hoje temos o lp, disco integral, com todas as faixas, incluindo as duas do compacto.\u00a0Daltony (N\u00f3brega) \u00e9 mineiro, de Juiz de Fora. Iniciou sua carreira musical nos anos 60 participando do Grupo Mineiro, um conjunto vocal que atuou em festivais e tamb\u00e9m ao lado de artistas como Beth Carvalho, Marlene e outros, j\u00e1 no in\u00edcio dos anos 70. Nessa d\u00e9cada, passou a se apresentar sozinho e suas composi\u00e7\u00e3o foram gravadas por Evinha, Cl\u00e1udia, Eliana Pittman, C\u00e9lia, Trio Mocot\u00f3, Simone, Roberto Ribeiro e por a\u00ed a fora&#8230; Continuou participando de festivais e tendo suas m\u00fasicas defendidas inclusive por outros int\u00e9rpretes. Foi diretor musical na TV Globo e por l\u00e1 fez tamb\u00e9m muita m\u00fasica, inclusive para projetos infantis, como foram os casos de &#8220;Plunct plact zum&#8221;, &#8220;Turma do Perer\u00ea&#8221; e &#8220;Pirlimpimpim&#8221;. Durante as d\u00e9cadas de 80 e 90 esteve sempre muito autuante, trabalhando para a televis\u00e3o, compondo, produzindo, escrevendo roteiros e tamb\u00e9m gravando seus discos.<br \/>\nSeguimos assim como este lp e caso tenham interesse, j\u00e1 consegui tamb\u00e9m o segundo disco do Daltony. Num pr\u00f3ximo momento a gente publica ele aqui, ok?<\/p>\n<div style=\"text-align: center;\">cirrose<\/div>\n<div style=\"text-align: center;\">tereza in\u00e1<\/div>\n<div style=\"text-align: center;\">cadeira de dentista<\/div>\n<div style=\"text-align: center;\">batista<\/div>\n<div style=\"text-align: center;\">ode ao detran<\/div>\n<div style=\"text-align: center;\">amigo malandro<\/div>\n<div style=\"text-align: center;\">barafunda<\/div>\n<div style=\"text-align: center;\">s\u00f3 pra faturar<\/div>\n<div style=\"text-align: center;\">cozinheira granfina<\/div>\n<div style=\"text-align: center;\">samba da cascata<\/div>\n<div style=\"text-align: center;\">nouveau riche<\/div>\n<div style=\"text-align: center;\">falso amor sincero<\/div>\n<div style=\"text-align: center;\"><\/div>\n<div style=\"text-align: center;\">.<\/div>\n","protected":false},"excerpt":{"rendered":"<p>Boa noite, amigos cultos e ocultos! H\u00e1 algum tempo atr\u00e1s eu trouxe aqui um compacto do cantor, compositor e violonista Daltony N\u00f3brega. Hoje temos o lp, disco integral, com todas as faixas, incluindo as duas do compacto.\u00a0Daltony (N\u00f3brega) \u00e9 mineiro, &hellip; <a href=\"https:\/\/www.toque-musicall.com\/?p=5760\">Continue lendo <span class=\"meta-nav\">&rarr;<\/span><\/a><\/p>\n","protected":false},"author":1,"featured_media":0,"comment_status":"closed","ping_status":"closed","sticky":false,"template":"","format":"standard","meta":{"footnotes":""},"categories":[2268,70],"tags":[],"class_list":["post-5760","post","type-post","status-publish","format-standard","hentry","category-daltony","category-selo-rca-victor"],"_links":{"self":[{"href":"https:\/\/www.toque-musicall.com\/index.php?rest_route=\/wp\/v2\/posts\/5760","targetHints":{"allow":["GET"]}}],"collection":[{"href":"https:\/\/www.toque-musicall.com\/index.php?rest_route=\/wp\/v2\/posts"}],"about":[{"href":"https:\/\/www.toque-musicall.com\/index.php?rest_route=\/wp\/v2\/types\/post"}],"author":[{"embeddable":true,"href":"https:\/\/www.toque-musicall.com\/index.php?rest_route=\/wp\/v2\/users\/1"}],"replies":[{"embeddable":true,"href":"https:\/\/www.toque-musicall.com\/index.php?rest_route=%2Fwp%2Fv2%2Fcomments&post=5760"}],"version-history":[{"count":5,"href":"https:\/\/www.toque-musicall.com\/index.php?rest_route=\/wp\/v2\/posts\/5760\/revisions"}],"predecessor-version":[{"id":5766,"href":"https:\/\/www.toque-musicall.com\/index.php?rest_route=\/wp\/v2\/posts\/5760\/revisions\/5766"}],"wp:attachment":[{"href":"https:\/\/www.toque-musicall.com\/index.php?rest_route=%2Fwp%2Fv2%2Fmedia&parent=5760"}],"wp:term":[{"taxonomy":"category","embeddable":true,"href":"https:\/\/www.toque-musicall.com\/index.php?rest_route=%2Fwp%2Fv2%2Fcategories&post=5760"},{"taxonomy":"post_tag","embeddable":true,"href":"https:\/\/www.toque-musicall.com\/index.php?rest_route=%2Fwp%2Fv2%2Ftags&post=5760"}],"curies":[{"name":"wp","href":"https:\/\/api.w.org\/{rel}","templated":true}]}}