{"id":577,"date":"2011-01-16T10:50:00","date_gmt":"2011-01-16T10:50:00","guid":{"rendered":"http:\/\/www.toque-musicall.com\/?p=577"},"modified":"2011-01-16T10:50:00","modified_gmt":"2011-01-16T10:50:00","slug":"paulo-gracindo-poemas-e-sonetos-de-ghiaroni-1956","status":"publish","type":"post","link":"https:\/\/www.toque-musicall.com\/?p=577","title":{"rendered":"Paulo Gracindo &#8211; Poemas E Sonetos De Ghiaroni (1956)"},"content":{"rendered":"<p><a href=\"http:\/\/3.bp.blogspot.com\/_DSKVEvHtskc\/TTLNldLB_FI\/AAAAAAAAHkk\/vAwO4VmnSXk\/s1600\/paulo+gracindo+P.JPG\"><img decoding=\"async\" style=\"TEXT-ALIGN: center; MARGIN: 0px auto 10px; WIDTH: 396px; DISPLAY: block; HEIGHT: 400px; CURSOR: hand\" id=\"BLOGGER_PHOTO_ID_5562734533125733458\" border=\"0\" alt=\"\" src=\"http:\/\/3.bp.blogspot.com\/_DSKVEvHtskc\/TTLNldLB_FI\/AAAAAAAAHkk\/vAwO4VmnSXk\/s400\/paulo+gracindo+P.JPG\" \/><\/a>Ol\u00e1 a todos! A partir de amanh\u00e3 estarei oficialmente de&#8230; F\u00c9RIAS!!! Quinze dias de pernas pro ar, \u00eata coisa boa! Havia pensado em fazer uma viagem , mas a chuva est\u00e1 me tirando o tes\u00e3o. Por enquanto eu ficarei por aqui e o Toque Musical continua a sua jornada di\u00e1ria. Mas, j\u00e1 fiquem os amigos cultos e ocultos avisados, poderemos vir a dar uma pausa de, pelo menos, uma semana, ok?<br \/>Continuando nossas postagens alternadas entre poesia e m\u00fasica, reservei para o domingo um encontro com Ghiaroni, na interpreta\u00e7\u00e3o impec\u00e1vel do grande ator Paulo Gracindo. Temos aqui um lp de dez polegadas lan\u00e7ado pela Sinter em 1953, de sua s\u00e9rie dedicada \u00e0 poesia. Nele, Paulo Gracindo interpreta quinze poemas de um escritor, hoje em dia, pouco lembrado, o jornalista, poeta, cronista e autor de v\u00e1rias e famosas novelas e programas de r\u00e1dio, Giuzeppe Ghiaroni. Embora seu nome nos soe como um estrangeiro, mais especificamente italiano, o poeta era carioca, da cidade de Para\u00edba do Sul, na Serra Fluminense. Ghiaroni escreveu v\u00e1rias novelas para o r\u00e1dio, nas quais Paulo Gracindo era um de seus principais atores. Paulo, antes da TV, do memor\u00e1vel e impag\u00e1vel personagem de Odorico Paraguass\u00fa, j\u00e1 era um homem do teatro e do r\u00e1dio. Come\u00e7ou na R\u00e1dio Tupi e depois foi para a Nacional. Trabalhou como produtor, apresentador, locutor e animador de uma s\u00e9rie de programas. Esses fatores em comum, al\u00e9m da admira\u00e7\u00e3o m\u00fatua entre eles, propiciou a grava\u00e7\u00e3o deste disco, que nos traz um bel\u00edssimo resultado e digno de resgate. Vamos ouv\u00ed-lo?<\/p>\n<div align=\"center\">a m\u00e1quina de escrever<\/div>\n<div align=\"center\">homenagem<\/div>\n<div align=\"center\">doce nome de estela<\/div>\n<div align=\"center\">a luz de maria<\/div>\n<div align=\"center\">injusti\u00e7a<\/div>\n<div align=\"center\">previs\u00e3o<\/div>\n<div align=\"center\">dia das m\u00e3es<\/div>\n<div align=\"center\">a palavra querida<\/div>\n<div align=\"center\">beijos<\/div>\n<div align=\"center\">venera\u00e7\u00e3o<\/div>\n<div align=\"center\">n\u00e3o me fa\u00e7as sonhar<\/div>\n<div align=\"center\">respeito<\/div>\n<div align=\"center\">tereza<\/div>\n<div align=\"center\">beijo<\/div>\n<div align=\"center\">aquilo <\/div>\n<div align=\"center\"> <\/div>\n<div align=\"center\">.<\/div>\n<div align=\"center\"><\/div>\n<div align=\"center\"><\/div>\n<div align=\"center\"><\/div>\n<div align=\"left\">PS.: Para engrossar o caldo, estou incluindo um pouco mais de Ghiaroni. Segue <a href=\"http:\/\/www.mediafire.com\/?x47samb8bpchlyb\">aqui <\/a>alguns registros do programa de humor, &#8220;Tancredo e Trancado&#8221;, escrito por ele para a R\u00e1dio Nacional na d\u00e9cada de 40. Muito bom!<\/div>\n<div align=\"left\"><\/div>\n<div align=\"left\"><\/div>\n","protected":false},"excerpt":{"rendered":"<p>Ol\u00e1 a todos! A partir de amanh\u00e3 estarei oficialmente de&#8230; F\u00c9RIAS!!! Quinze dias de pernas pro ar, \u00eata coisa boa! Havia pensado em fazer uma viagem , mas a chuva est\u00e1 me tirando o tes\u00e3o. Por enquanto eu ficarei por &hellip; <a href=\"https:\/\/www.toque-musicall.com\/?p=577\">Continue lendo <span class=\"meta-nav\">&rarr;<\/span><\/a><\/p>\n","protected":false},"author":1,"featured_media":0,"comment_status":"open","ping_status":"closed","sticky":false,"template":"","format":"standard","meta":{"footnotes":""},"categories":[870,869,318],"tags":[],"class_list":["post-577","post","type-post","status-publish","format-standard","hentry","category-giuseppe-ghiaroni","category-paulo-gracindo","category-poesia"],"_links":{"self":[{"href":"https:\/\/www.toque-musicall.com\/index.php?rest_route=\/wp\/v2\/posts\/577","targetHints":{"allow":["GET"]}}],"collection":[{"href":"https:\/\/www.toque-musicall.com\/index.php?rest_route=\/wp\/v2\/posts"}],"about":[{"href":"https:\/\/www.toque-musicall.com\/index.php?rest_route=\/wp\/v2\/types\/post"}],"author":[{"embeddable":true,"href":"https:\/\/www.toque-musicall.com\/index.php?rest_route=\/wp\/v2\/users\/1"}],"replies":[{"embeddable":true,"href":"https:\/\/www.toque-musicall.com\/index.php?rest_route=%2Fwp%2Fv2%2Fcomments&post=577"}],"version-history":[{"count":0,"href":"https:\/\/www.toque-musicall.com\/index.php?rest_route=\/wp\/v2\/posts\/577\/revisions"}],"wp:attachment":[{"href":"https:\/\/www.toque-musicall.com\/index.php?rest_route=%2Fwp%2Fv2%2Fmedia&parent=577"}],"wp:term":[{"taxonomy":"category","embeddable":true,"href":"https:\/\/www.toque-musicall.com\/index.php?rest_route=%2Fwp%2Fv2%2Fcategories&post=577"},{"taxonomy":"post_tag","embeddable":true,"href":"https:\/\/www.toque-musicall.com\/index.php?rest_route=%2Fwp%2Fv2%2Ftags&post=577"}],"curies":[{"name":"wp","href":"https:\/\/api.w.org\/{rel}","templated":true}]}}