{"id":578,"date":"2011-01-15T17:30:00","date_gmt":"2011-01-15T17:30:00","guid":{"rendered":"http:\/\/www.toque-musicall.com\/?p=578"},"modified":"2011-01-15T17:30:00","modified_gmt":"2011-01-15T17:30:00","slug":"aristeu-queiroz-canta-bahia-1953","status":"publish","type":"post","link":"https:\/\/www.toque-musicall.com\/?p=578","title":{"rendered":"Aristeu Queiroz &#8211; Canta Bahia (1953)"},"content":{"rendered":"<p><a href=\"http:\/\/3.bp.blogspot.com\/_DSKVEvHtskc\/TTHZ01zgPII\/AAAAAAAAHkM\/XcABeAHOo80\/s1600\/aristeu+P.JPG\"><img decoding=\"async\" style=\"TEXT-ALIGN: center; MARGIN: 0px auto 10px; WIDTH: 396px; DISPLAY: block; HEIGHT: 400px; CURSOR: hand\" id=\"BLOGGER_PHOTO_ID_5562466516598799490\" border=\"0\" alt=\"\" src=\"http:\/\/3.bp.blogspot.com\/_DSKVEvHtskc\/TTHZ01zgPII\/AAAAAAAAHkM\/XcABeAHOo80\/s400\/aristeu+P.JPG\" \/><\/a> Ol\u00e1 amigos cultos e ocultos! Enquanto eu come\u00e7o esta postagem, l\u00e1 fora o c\u00e9u desaba numa chuva que parece o fim do mundo. S\u00f3 espero que a energia el\u00e9trica n\u00e3o v\u00e1 embora, pelo menos at\u00e9 que eu termine a parada aqui.<br \/>Hoje eu estou trazendo um disco bem raro e antigo. Gosto de postar discos como este, n\u00e3o pela exclusividade, mas por serem eles pe\u00e7as importantes para um determinado p\u00fablico.  N\u00e3o s\u00e3o, talvez, discos de grande sucesso e, as vezes, nem seus artistas s\u00e3o ainda lembrados. Mas s\u00e3o exemplos que merecem ser resgatados, retirados do imenso &#8216;limbo&#8217; fonogr\u00e1fico nacional. Meu maior prazer \u00e9 receber um e-mail ou coment\u00e1rio de algu\u00e9m, agradecido e emocionado por encontrar aqui algo que ele jamais esperava ver ou ouvir novamente. Isso \u00e9 muito bacana.<br \/>O presente disco faz parte do lote que arrematei do catador de papel. Estou postando ele por ser, para mim, tamb\u00e9m uma curiosidade. Aristeu Queiroz, era at\u00e9 ent\u00e3o um ilustre desconhecido. Na contracapa temos logo uma pequena apresenta\u00e7\u00e3o, mas eu n\u00e3o me dei por satisfeito e fui procurar outras fontes. Fiquei sabendo que o nosso artista era baiano, criado na cidade de Jacobina, era tamb\u00e9m conhecido pelo nome de Bob Silva. Sua hist\u00f3ria de vida me fez lembrar o Jo\u00e3o Gilberto. Um tipo meio errante, um homem apaixonado pela m\u00fasica, bo\u00eamio e como seu conterr\u00e2neo, viveu correndo atr\u00e1s de sonhos, por\u00e9m sem a mesma sorte e genialidade do dono da Bossa. Saiu de casa cedo para tentar a vida de artista. Foi para o Rio de Janeiro, chegou a ser contratado por uma r\u00e1dio, onde se apresentou por um bom tempo. Mas pelo que contam, ele era um cara sem apego, vivia apenas o presente. N\u00e3o segurou a barra&#8230; Gravou apenas tr\u00eas discos pela Sinter em 53, duas bolachas de 78 rpm e este lp de 10 polegadas. A hist\u00f3ria de Aristeu Queiroz, Bob Silva ou ainda Teteu, pode ser conferida num <a href=\"http:\/\/www.noticialivre.com\/index.php?option=com_content&#038;view=article&#038;id=2018:cultura-boby-silva-o-artista-que-cantou-jacobina-em-verso-e-prosa-mas-morreu-abandonado&#038;catid=39:noticia-livre&#038;Itemid=56\">texto do site Not\u00edcia Livre<\/a>, ou ainda em anexo ao arquivo do disco.<br \/>&#8220;Canta Bahia&#8221; \u00e9 um disco diferente, foge do esperado ou convencional da \u00e9poca. Sua m\u00fasica \u00e9 de um g\u00eanero h\u00edbrido e confuso, que para n\u00e3o errar, eu classificaria apenas por can\u00e7\u00e3o. Isso se deve muito ao fato de que no lp temos apenas ele e o viol\u00e3o. N\u00e3o h\u00e1, se quer, um acompanhamento r\u00edtmico ou orquestra\u00e7\u00e3o, o que tamb\u00e9m me leva a crer numa certa conten\u00e7\u00e3o de despesas na produ\u00e7\u00e3o, aliada a uma \u00e1urea maldita, que o isola at\u00e9 mesmo na hora da grava\u00e7\u00e3o. Ser\u00e1 impress\u00e3o minha? Confiram e d\u00eaem tamb\u00e9m as suas opini\u00f5es&#8230;<\/p>\n<div align=\"center\">jangadeiro de itapu\u00e3<\/div>\n<div align=\"center\">pajussara<\/div>\n<div align=\"center\">a ceguinha<\/div>\n<div align=\"center\">uma estrela no c\u00e9u<\/div>\n<div align=\"center\">simplicidade<\/div>\n<div align=\"center\">zefinha<\/div>\n<div align=\"center\">minha inf\u00e2ncia em jacobina<\/div>\n<div align=\"center\">cais do porto<\/div>\n<div align=\"center\"> <\/div>\n<div align=\"center\"> <\/div>\n","protected":false},"excerpt":{"rendered":"<p>Ol\u00e1 amigos cultos e ocultos! Enquanto eu come\u00e7o esta postagem, l\u00e1 fora o c\u00e9u desaba numa chuva que parece o fim do mundo. S\u00f3 espero que a energia el\u00e9trica n\u00e3o v\u00e1 embora, pelo menos at\u00e9 que eu termine a parada &hellip; <a href=\"https:\/\/www.toque-musicall.com\/?p=578\">Continue lendo <span class=\"meta-nav\">&rarr;<\/span><\/a><\/p>\n","protected":false},"author":1,"featured_media":0,"comment_status":"open","ping_status":"closed","sticky":false,"template":"","format":"standard","meta":{"footnotes":""},"categories":[871],"tags":[],"class_list":["post-578","post","type-post","status-publish","format-standard","hentry","category-aristeu-queiroz"],"_links":{"self":[{"href":"https:\/\/www.toque-musicall.com\/index.php?rest_route=\/wp\/v2\/posts\/578","targetHints":{"allow":["GET"]}}],"collection":[{"href":"https:\/\/www.toque-musicall.com\/index.php?rest_route=\/wp\/v2\/posts"}],"about":[{"href":"https:\/\/www.toque-musicall.com\/index.php?rest_route=\/wp\/v2\/types\/post"}],"author":[{"embeddable":true,"href":"https:\/\/www.toque-musicall.com\/index.php?rest_route=\/wp\/v2\/users\/1"}],"replies":[{"embeddable":true,"href":"https:\/\/www.toque-musicall.com\/index.php?rest_route=%2Fwp%2Fv2%2Fcomments&post=578"}],"version-history":[{"count":0,"href":"https:\/\/www.toque-musicall.com\/index.php?rest_route=\/wp\/v2\/posts\/578\/revisions"}],"wp:attachment":[{"href":"https:\/\/www.toque-musicall.com\/index.php?rest_route=%2Fwp%2Fv2%2Fmedia&parent=578"}],"wp:term":[{"taxonomy":"category","embeddable":true,"href":"https:\/\/www.toque-musicall.com\/index.php?rest_route=%2Fwp%2Fv2%2Fcategories&post=578"},{"taxonomy":"post_tag","embeddable":true,"href":"https:\/\/www.toque-musicall.com\/index.php?rest_route=%2Fwp%2Fv2%2Ftags&post=578"}],"curies":[{"name":"wp","href":"https:\/\/api.w.org\/{rel}","templated":true}]}}