{"id":5782,"date":"2016-10-01T17:41:22","date_gmt":"2016-10-01T20:41:22","guid":{"rendered":"http:\/\/www.toque-musicall.com\/?p=5782"},"modified":"2016-10-01T17:41:38","modified_gmt":"2016-10-01T20:41:38","slug":"oct-1-vinicius-de-moraes-e-paulo-mendes-campos-poesias-vol-2-1956","status":"publish","type":"post","link":"https:\/\/www.toque-musicall.com\/?p=5782","title":{"rendered":"Vinicius de Moraes e Paulo Mendes Campos &#8211; Poesias Vol. 2 (1956)"},"content":{"rendered":"<p><img loading=\"lazy\" decoding=\"async\" class=\"aligncenter size-large\" src=\"https:\/\/2.bp.blogspot.com\/-OoELkgFXm6g\/V_ActDqasqI\/AAAAAAAANZ4\/4t0UG2em_DYSZVe9f0QB70QWGGqf75CyACLcB\/s640\/capa.JPG\" alt=\"\" width=\"640\" height=\"638\" \/><img loading=\"lazy\" decoding=\"async\" class=\"aligncenter size-large\" src=\"https:\/\/1.bp.blogspot.com\/-t2KtureTfNs\/V_ActURUgoI\/AAAAAAAANZ8\/wFaDUEtIwoIhPLdMUSHipwItrjMX0w2owCLcB\/s640\/contracapa.JPG\" alt=\"\" width=\"640\" height=\"637\" \/><\/p>\n<p>Hoje, o Toque Musical oferece a seus amigos cultos, ocultos e associados um pouco da melhor poesia brasileira. Trata-se de um disco do selo Festa, de Irineu Garcia, jornalista, sonhador, bo\u00eamio e aut\u00eantico mecenas, que tantas contribui\u00e7\u00f5es deu \u00e0 nossa cultura, inclusive na \u00e1rea musical, com LPs primorosos, tipo \u201cCan\u00e7\u00e3o do amor demais\u201d, obra-prima de Elizeth Cardoso, e \u201cPor toda a minha vida\u201d, de Lenita Bruno, ambos j\u00e1 oferecidos a voc\u00eas pelo TM. O \u00e1lbum de hoje, \u00a0gravado em 1956, \u00e9 o segundo de uma s\u00e9rie da Festa\u00a0 apresentando poetas brasileiros de renome, declamando de viva voz seus poemas. O primeiro volume foi\u00a0 com Manuel Bandeira e Carlos Drummond de Andrade, e este segundo nos traz outros \u201ccobras\u201d do g\u00eanero: Vin\u00edcius de Moraes\u00a0 (Rio de Janeiro, 19\/10\/1913-idem, 9\/7\/1980) e Paulo Mendes Campos (Belo Horizonte, MG, 28\/2\/1922-Rio de Janeiro, 1\/7\/1991). Ressalte-se que, nessa \u00e9poca, era costume, no Brasil, lan\u00e7ar discos com recitais de poesia, e um deles, com o r\u00e1dio-ator Floriano Faissal declamando poemas de Olavo Bilac, lan\u00e7ado em 1957 pela Musidisc, chegou a ser campe\u00e3o absoluto de vendagem, o que fez a Odeon e a RGE tamb\u00e9m lan\u00e7arem t\u00edtulos explorando esse mercado. Nenhum selo, por\u00e9m, foi\u00a0 t\u00e3o dedicado \u00e0 poesia quanto a Festa, que construiu um cat\u00e1logo t\u00e3o impressionante quanto numeroso nessa \u00e1rea. \u00a0O poetinha Vin\u00edcius, claro, dispensa quaisquer apresenta\u00e7\u00f5es. Neste trabalho, ele nos oferece sete verdadeiras obras-primas vindas de sua inspira\u00e7\u00e3o, entre elas os antol\u00f3gicos \u201cSoneto de fidelidade\u201d, \u201cP\u00e1tria minha\u201d, \u201cPo\u00e9tica\u201d\u00a0 e \u201cSoneto de separa\u00e7\u00e3o\u201d. Quanto a Paulo Mendes Campos, creio que muitos o conheceram atrav\u00e9s das cr\u00f4nicas inclu\u00eddas nos livros da s\u00e9rie \u201cPara gostar de ler\u201d, da Editora \u00c1tica, verdadeiros \u201cbest-sellers\u201d entre estudantes de ensino fundamental e m\u00e9dio nas d\u00e9cadas de 1970\/80, e at\u00e9 hoje em cat\u00e1logo. Paulo tamb\u00e9m foi poeta, e seus primeiros livros, por sinal, foram de poesias: \u201cA palavra escrita\u201d (1951) e \u201cO domingo azul do mar\u201d (1958). Aqui, ele declama seis poemas, e apenas um, o soneto \u201cDespede teu \u00a0pudor\u201d, \u00e9 de seu livro de estreia, sendo os demais apresentados pela primeira vez.\u00a0 Tudo isso, aliado ao padr\u00e3o de qualidade da marca Festa, faz deste trabalho, assim como outros da s\u00e9rie, um verdadeiro documento hist\u00f3rico, digno de ser apreciado por quem prestigia tudo que h\u00e1 de bom no rico e variado acervo da poesia brasileira. Pura sensibilidade!<\/p>\n<p style=\"text-align: center;\">soneto da felicidade<\/p>\n<p style=\"text-align: center;\">balada da mo\u00e7a do miramar<\/p>\n<p style=\"text-align: center;\">soneto de amor total<\/p>\n<p style=\"text-align: center;\">a morte de madrugada<\/p>\n<p style=\"text-align: center;\">soneto de separa\u00e7\u00e3o<\/p>\n<p style=\"text-align: center;\">p\u00e1tria minha<\/p>\n<p style=\"text-align: center;\">po\u00e9tica<\/p>\n<p style=\"text-align: center;\">inf\u00e2ncia<\/p>\n<p style=\"text-align: center;\">o homem da cidade<\/p>\n<p style=\"text-align: center;\">pesquisa<\/p>\n<p style=\"text-align: center;\">despede teu pudor<\/p>\n<p style=\"text-align: center;\">poema did\u00e1tico<\/p>\n<p style=\"text-align: center;\">if<\/p>\n<p>* Texto de Samuel Machado Filho<\/p>\n","protected":false},"excerpt":{"rendered":"<p>Hoje, o Toque Musical oferece a seus amigos cultos, ocultos e associados um pouco da melhor poesia brasileira. Trata-se de um disco do selo Festa, de Irineu Garcia, jornalista, sonhador, bo\u00eamio e aut\u00eantico mecenas, que tantas contribui\u00e7\u00f5es deu \u00e0 nossa &hellip; <a href=\"https:\/\/www.toque-musicall.com\/?p=5782\">Continue lendo <span class=\"meta-nav\">&rarr;<\/span><\/a><\/p>\n","protected":false},"author":1,"featured_media":0,"comment_status":"open","ping_status":"closed","sticky":false,"template":"","format":"standard","meta":{"footnotes":""},"categories":[2784,318,517,1119],"tags":[],"class_list":["post-5782","post","type-post","status-publish","format-standard","hentry","category-paulo-mendes-campos","category-poesia","category-selo-festa","category-vinicius-de-moraes"],"_links":{"self":[{"href":"https:\/\/www.toque-musicall.com\/index.php?rest_route=\/wp\/v2\/posts\/5782","targetHints":{"allow":["GET"]}}],"collection":[{"href":"https:\/\/www.toque-musicall.com\/index.php?rest_route=\/wp\/v2\/posts"}],"about":[{"href":"https:\/\/www.toque-musicall.com\/index.php?rest_route=\/wp\/v2\/types\/post"}],"author":[{"embeddable":true,"href":"https:\/\/www.toque-musicall.com\/index.php?rest_route=\/wp\/v2\/users\/1"}],"replies":[{"embeddable":true,"href":"https:\/\/www.toque-musicall.com\/index.php?rest_route=%2Fwp%2Fv2%2Fcomments&post=5782"}],"version-history":[{"count":2,"href":"https:\/\/www.toque-musicall.com\/index.php?rest_route=\/wp\/v2\/posts\/5782\/revisions"}],"predecessor-version":[{"id":5784,"href":"https:\/\/www.toque-musicall.com\/index.php?rest_route=\/wp\/v2\/posts\/5782\/revisions\/5784"}],"wp:attachment":[{"href":"https:\/\/www.toque-musicall.com\/index.php?rest_route=%2Fwp%2Fv2%2Fmedia&parent=5782"}],"wp:term":[{"taxonomy":"category","embeddable":true,"href":"https:\/\/www.toque-musicall.com\/index.php?rest_route=%2Fwp%2Fv2%2Fcategories&post=5782"},{"taxonomy":"post_tag","embeddable":true,"href":"https:\/\/www.toque-musicall.com\/index.php?rest_route=%2Fwp%2Fv2%2Ftags&post=5782"}],"curies":[{"name":"wp","href":"https:\/\/api.w.org\/{rel}","templated":true}]}}