{"id":5788,"date":"2016-10-07T08:46:57","date_gmt":"2016-10-07T11:46:57","guid":{"rendered":"http:\/\/www.toque-musicall.com\/?p=5788"},"modified":"2016-10-09T08:50:12","modified_gmt":"2016-10-09T11:50:12","slug":"anuario-marcus-pereira-1974","status":"publish","type":"post","link":"https:\/\/www.toque-musicall.com\/?p=5788","title":{"rendered":"Anu\u00e1rio Marcus Pereira (1974)"},"content":{"rendered":"<p><img loading=\"lazy\" decoding=\"async\" class=\"aligncenter size-large\" src=\"https:\/\/1.bp.blogspot.com\/-g2g4mjA92ro\/V_or4P-eeFI\/AAAAAAAANak\/ymo2-_guvlcU5iBScHbh2BLape7Mh18ngCLcB\/s640\/capap.JPG\" alt=\"\" width=\"637\" height=\"640\" \/><img loading=\"lazy\" decoding=\"async\" class=\"aligncenter size-large\" src=\"https:\/\/2.bp.blogspot.com\/-pe-0P4lMDMw\/V_or4OTcRUI\/AAAAAAAANao\/zXTRtM9KRpwgUGH739uCd5a4HxKE_r0CgCLcB\/s640\/contrap.JPG\" alt=\"\" width=\"640\" height=\"636\" \/><\/p>\n<p>\u201cPublica\u00e7\u00e3o anual contendo as principais ocorr\u00eancias da vida de uma institui\u00e7\u00e3o e suas atividades durante o ano transato\u201d.\u00a0 Este \u00e9 um dos significados da palavra \u201canu\u00e1rio\u201d, que os dicion\u00e1rios registram. E tal defini\u00e7\u00e3o se encaixa perfeitamente no \u00e1lbum que o Toque Musical oferece hoje a seus amigos cultos, ocultos e associados. Trata-se do \u201cAnu\u00e1rio Marcus Pereira\u201d, uma compila\u00e7\u00e3o na qual a gravadora reuniu as principais faixas de alguns discos que lan\u00e7ou no decorrer do ano de 1974. Como voc\u00eas j\u00e1 sabem, a Marcus Pereira destacou-se pelo pioneirismo na ado\u00e7\u00e3o de uma pol\u00edtica de produ\u00e7\u00e3o fonogr\u00e1fica alternativa, independente das grandes gravadoras e de verbas governamentais. Por\u00e9m, acabou liquidada pelos vai-e-vens da economia brasileira, e seu fundador-propriet\u00e1rio acabou pondo tr\u00e1gico fim \u00e0 sua vida, em 1981, ao disparar um tiro no ouvido. A qualidade da produ\u00e7\u00e3o fonogr\u00e1fica da Marcus Pereira, obviamente, iria resultar em colet\u00e2neas tamb\u00e9m de n\u00edvel. \u00c9 o caso deste \u201cAnu\u00e1rio\u201d de 1974, com quinze faixas imperd\u00edveis e momentos realmente sublimes. Destaque para Cartola, com o bel\u00edssimo samba, \u201cAcontece\u201d, faixa de seu primeir\u00edssimo LP, Renato Teixeira, bem antes de estourar com \u201cRomaria\u201d, aqui apresentando \u201cGavi\u00e3o do penacho\u201d, \u201cGrandola, vila morena\u201d, o hino da Revolu\u00e7\u00e3o dos Cravos, acontecida em Portugal naquele ano, e que derrubou a ditadura salazarista, na voz de Paula Ribas, Leci Brand\u00e3o, tamb\u00e9m em in\u00edcio de carreira, apresentando \u201cBenedito de Lima\u201d, faixa extra\u00edda de seu compacto duplo de estreia, o choro cl\u00e1ssico \u201cFlor amorosa\u201d, com o regional de Evandro, e Dona Ivone Lara com \u201cAndei para Curimar\u201d. Al\u00e9m de informar os discos de onde foram extra\u00eddas as faixas, a gravadora p\u00f4s, na contracapa do LP, v\u00e1rias notas publicadas na imprensa, recomendando seus trabalhos fonogr\u00e1ficos. Tudo isso reafirma a qualidade e a import\u00e2ncia cultural do legado da Marcus Pereira, fundamental, indispens\u00e1vel e imprescind\u00edvel para quem estuda a hist\u00f3ria de nossa m\u00fasica popular. \u00c9 ouvir este \u201cAnu\u00e1rio\u201d e comprovar.<\/p>\n<p style=\"text-align: center;\">cuitelinho &#8211; nara le\u00e3o<\/p>\n<p style=\"text-align: center;\">gavi\u00e3o de penacho &#8211; renato teixeira<\/p>\n<p style=\"text-align: center;\">carreira do navio &#8211; pedro chiquito<\/p>\n<p style=\"text-align: center;\">reisada a s\u00e3o jos\u00e9 &#8211; raimundo monte santo<\/p>\n<p style=\"text-align: center;\">serra baile &#8211; chico ubatuba<\/p>\n<p style=\"text-align: center;\">nau catarineta &#8211; adauto santos<\/p>\n<p style=\"text-align: center;\">gr\u00e2ndola vila morena &#8211; paula ribas<\/p>\n<p style=\"text-align: center;\">acontece &#8211; cartola<\/p>\n<p style=\"text-align: center;\">baltazar &#8211; raul de barros<\/p>\n<p style=\"text-align: center;\">amigo do povo &#8211; donga<\/p>\n<p style=\"text-align: center;\">flor amorosa &#8211; evandro e seu regional<\/p>\n<p style=\"text-align: center;\">ju\u00edzo final &#8211; adauto santos<\/p>\n<p style=\"text-align: center;\">benedito de lima &#8211; leci brand\u00e3o<\/p>\n<p style=\"text-align: center;\">andei para curimar &#8211; dona ivone lara<\/p>\n<p style=\"text-align: center;\">revoada &#8211; quinteto armorial<\/p>\n<p>*Texto de Samuel Machado Filho<\/p>\n","protected":false},"excerpt":{"rendered":"<p>\u201cPublica\u00e7\u00e3o anual contendo as principais ocorr\u00eancias da vida de uma institui\u00e7\u00e3o e suas atividades durante o ano transato\u201d.\u00a0 Este \u00e9 um dos significados da palavra \u201canu\u00e1rio\u201d, que os dicion\u00e1rios registram. E tal defini\u00e7\u00e3o se encaixa perfeitamente no \u00e1lbum que o &hellip; <a href=\"https:\/\/www.toque-musicall.com\/?p=5788\">Continue lendo <span class=\"meta-nav\">&rarr;<\/span><\/a><\/p>\n","protected":false},"author":1,"featured_media":0,"comment_status":"open","ping_status":"closed","sticky":false,"template":"","format":"standard","meta":{"footnotes":""},"categories":[2786,64,130],"tags":[],"class_list":["post-5788","post","type-post","status-publish","format-standard","hentry","category-anuario-marcus-pereira","category-coletanea","category-selo-marcus-pereira"],"_links":{"self":[{"href":"https:\/\/www.toque-musicall.com\/index.php?rest_route=\/wp\/v2\/posts\/5788","targetHints":{"allow":["GET"]}}],"collection":[{"href":"https:\/\/www.toque-musicall.com\/index.php?rest_route=\/wp\/v2\/posts"}],"about":[{"href":"https:\/\/www.toque-musicall.com\/index.php?rest_route=\/wp\/v2\/types\/post"}],"author":[{"embeddable":true,"href":"https:\/\/www.toque-musicall.com\/index.php?rest_route=\/wp\/v2\/users\/1"}],"replies":[{"embeddable":true,"href":"https:\/\/www.toque-musicall.com\/index.php?rest_route=%2Fwp%2Fv2%2Fcomments&post=5788"}],"version-history":[{"count":1,"href":"https:\/\/www.toque-musicall.com\/index.php?rest_route=\/wp\/v2\/posts\/5788\/revisions"}],"predecessor-version":[{"id":5789,"href":"https:\/\/www.toque-musicall.com\/index.php?rest_route=\/wp\/v2\/posts\/5788\/revisions\/5789"}],"wp:attachment":[{"href":"https:\/\/www.toque-musicall.com\/index.php?rest_route=%2Fwp%2Fv2%2Fmedia&parent=5788"}],"wp:term":[{"taxonomy":"category","embeddable":true,"href":"https:\/\/www.toque-musicall.com\/index.php?rest_route=%2Fwp%2Fv2%2Fcategories&post=5788"},{"taxonomy":"post_tag","embeddable":true,"href":"https:\/\/www.toque-musicall.com\/index.php?rest_route=%2Fwp%2Fv2%2Ftags&post=5788"}],"curies":[{"name":"wp","href":"https:\/\/api.w.org\/{rel}","templated":true}]}}