{"id":579,"date":"2011-01-14T13:48:00","date_gmt":"2011-01-14T13:48:00","guid":{"rendered":"http:\/\/www.toque-musicall.com\/?p=579"},"modified":"2011-01-14T13:48:00","modified_gmt":"2011-01-14T13:48:00","slug":"robson-dos-santos-cinema-falado-sd","status":"publish","type":"post","link":"https:\/\/www.toque-musicall.com\/?p=579","title":{"rendered":"Robson Dos Santos &#8211; Cinema Falado (S\/D)"},"content":{"rendered":"<p><a href=\"http:\/\/1.bp.blogspot.com\/_DSKVEvHtskc\/TTBVivuYiII\/AAAAAAAAHkA\/2qJPCaL-Zyg\/s1600\/folder.jpg\"><img decoding=\"async\" id=\"BLOGGER_PHOTO_ID_5562039595217488002\" style=\"DISPLAY: block; MARGIN: 0px auto 10px; WIDTH: 400px; CURSOR: hand; HEIGHT: 394px; TEXT-ALIGN: center\" alt=\"\" src=\"http:\/\/1.bp.blogspot.com\/_DSKVEvHtskc\/TTBVivuYiII\/AAAAAAAAHkA\/2qJPCaL-Zyg\/s400\/folder.jpg\" border=\"0\" \/><\/a> Ol\u00e1 amigos! Hoje a minha sexta feira est\u00e1 daquele jeito&#8230; uma correria s\u00f3. Eu havia at\u00e9 pensado em deixar a postagem para o fim do dia, pois n\u00e3o tive tempo de preparar (mantendo a sequ\u00eancia) um disco de poesia e que tamb\u00e9m fosse independente. Vim para o trabalho j\u00e1 com a ideia de fazer tudo a noite, quando eu voltasse. Coincidentemente, deparei com um cd colocado no meu escaninho. Algu\u00e9m que ainda n\u00e3o sei quem, deixou o presentinho l\u00e1 para mim. Parece at\u00e9 que estavam lendo o meu pensamento, pois o tal disquinho \u00e9 tamb\u00e9m de poesia, creio eu. Ainda n\u00e3o tive tempo de ouv\u00ed-lo, apenas passei cada faixa para sentir qual \u00e9 a do nosso artista, chamado Robson dos Santos. De acordo com o encarte, Robson \u00e9 m\u00fasico, compositor e restaurador de instrumentos musicais. \u00c9 mineiro, de Belo Horizonte (Preciso localizar esse cara. Ser\u00e1 que ele conserta a minha viola?) . Iniciou seus estudos musicais nos anos 80, na Funda\u00e7\u00e3o Cl\u00f3vis Salgado, sendo aluno do professor Juvenal Dias. Suas composi\u00e7\u00f5es tem sido apresentadas em diversos e importantes festivais de m\u00fasica contempor\u00e2nea da cidade. J\u00e1 tem outro disco gravado e pelo que eu entendi, na mesma linha deste, ou seja, composi\u00e7\u00f5es eruditas, m\u00fasica contempor\u00e2nea cl\u00e1ssica. Neste cd, que n\u00e3o consta a data, intitulado &#8220;Cinema Falado&#8221;, temos n\u00e3o apenas m\u00fasica, mas tamb\u00e9m contos e poesia. Acho que este disco veio mesmo a calhar. S\u00f3 falta a gente conferir. Vamos l\u00e1? \ud83d\ude09<\/p>\n<div align=\"center\">m\u00fasica contempor\u00e2nea era o dito popular<\/div>\n<div align=\"center\">to be angel tomorrow<\/div>\n<div align=\"center\">cinema falado<\/div>\n<div align=\"center\">alucina\u00e7\u00f5es do passado<\/div>\n<div align=\"center\">conteos de guerras<\/div>\n<div align=\"center\">a sereia s\u00f3 canta em tom menor<\/div>\n<div align=\"center\">o homem e o mar<\/div>\n<div align=\"center\">can\u00e7\u00e3o invertida<\/div>\n<div align=\"center\">falando do tempo<\/div>\n<div align=\"center\">novamente neste mundo<\/div>\n<div align=\"center\">sonata da alegria<\/div>\n<div align=\"center\">a \u00e1rvore da vida<\/div>\n<div align=\"center\">fim<\/div>\n<div align=\"center\"> <\/div>\n<div align=\"center\"> <\/div>\n","protected":false},"excerpt":{"rendered":"<p>Ol\u00e1 amigos! Hoje a minha sexta feira est\u00e1 daquele jeito&#8230; uma correria s\u00f3. Eu havia at\u00e9 pensado em deixar a postagem para o fim do dia, pois n\u00e3o tive tempo de preparar (mantendo a sequ\u00eancia) um disco de poesia e &hellip; <a href=\"https:\/\/www.toque-musicall.com\/?p=579\">Continue lendo <span class=\"meta-nav\">&rarr;<\/span><\/a><\/p>\n","protected":false},"author":1,"featured_media":0,"comment_status":"open","ping_status":"closed","sticky":false,"template":"","format":"standard","meta":{"footnotes":""},"categories":[318,872],"tags":[],"class_list":["post-579","post","type-post","status-publish","format-standard","hentry","category-poesia","category-robson-dos-santos"],"_links":{"self":[{"href":"https:\/\/www.toque-musicall.com\/index.php?rest_route=\/wp\/v2\/posts\/579","targetHints":{"allow":["GET"]}}],"collection":[{"href":"https:\/\/www.toque-musicall.com\/index.php?rest_route=\/wp\/v2\/posts"}],"about":[{"href":"https:\/\/www.toque-musicall.com\/index.php?rest_route=\/wp\/v2\/types\/post"}],"author":[{"embeddable":true,"href":"https:\/\/www.toque-musicall.com\/index.php?rest_route=\/wp\/v2\/users\/1"}],"replies":[{"embeddable":true,"href":"https:\/\/www.toque-musicall.com\/index.php?rest_route=%2Fwp%2Fv2%2Fcomments&post=579"}],"version-history":[{"count":0,"href":"https:\/\/www.toque-musicall.com\/index.php?rest_route=\/wp\/v2\/posts\/579\/revisions"}],"wp:attachment":[{"href":"https:\/\/www.toque-musicall.com\/index.php?rest_route=%2Fwp%2Fv2%2Fmedia&parent=579"}],"wp:term":[{"taxonomy":"category","embeddable":true,"href":"https:\/\/www.toque-musicall.com\/index.php?rest_route=%2Fwp%2Fv2%2Fcategories&post=579"},{"taxonomy":"post_tag","embeddable":true,"href":"https:\/\/www.toque-musicall.com\/index.php?rest_route=%2Fwp%2Fv2%2Ftags&post=579"}],"curies":[{"name":"wp","href":"https:\/\/api.w.org\/{rel}","templated":true}]}}