{"id":5792,"date":"2016-10-09T11:35:47","date_gmt":"2016-10-09T14:35:47","guid":{"rendered":"http:\/\/www.toque-musicall.com\/?p=5792"},"modified":"2016-10-09T11:35:47","modified_gmt":"2016-10-09T14:35:47","slug":"discoteca-publica-em-novo-endereco-anota-ai","status":"publish","type":"post","link":"https:\/\/www.toque-musicall.com\/?p=5792","title":{"rendered":"Discoteca P\u00fablica em novo endere\u00e7o. Anota a\u00ed&#8230;"},"content":{"rendered":"<p><img loading=\"lazy\" decoding=\"async\" class=\"aligncenter size-large\" src=\"https:\/\/4.bp.blogspot.com\/-0a9k45jjvpI\/V_pGfFxbPaI\/AAAAAAAANbM\/bYukFPadLL4PBZwC-uVdMals8yxfjmxywCLcB\/s640\/unnamed.jpg\" alt=\"\" width=\"640\" height=\"379\" \/><\/p>\n<p><b>Santa Tereza ganha Discoteca P\u00fablica como novo espa\u00e7o cultural.<\/b><br \/>\n<b>A Discoteca P\u00fablica de Minas Gerais renasce em Santa Tereza depois de dois anos sediada no Mercado Distrital do Cruzeiro<\/b>.<br \/>\nO bairro de Santa Tereza, localizado na zona leste da capital, \u00e9 muito conhecido por ter sediado o famoso e cultuado Clube da Esquina em sua fase embrion\u00e1ria, al\u00e9m de seus bares e botecos disputad\u00edssimos nos finais de semana.<br \/>\nPois agora, seus frequentadores ter\u00e3o mais um motivo para desfrutar desse charmoso e hist\u00f3rico bairro: A Discoteca P\u00fablica, que agora se reinventa em nova sede abrindo um novo ciclo de trabalho, depois de um per\u00edodo frut\u00edfero no bairro do Cruzeiro.<br \/>\nAp\u00f3s quase\u00a0dois meses\u00a0de trabalho, contando mudan\u00e7a e reorganiza\u00e7\u00e3o de um acervo que conta com cerca de 20 mil t\u00edtulos de m\u00fasica brasileira em vinil, a \u201cnova\u201d Discoteca P\u00fablica j\u00e1 se encontra \u00e0 disposi\u00e7\u00e3o dos visitantes, amantes do vinil e da m\u00fasica em geral.<br \/>\nParalelo ao projeto, o pesquisador e coordenador da Discoteca Edu Pampani, tamb\u00e9m disp\u00f5e de uma loja no local, com discos usados, lan\u00e7amentos e relan\u00e7amentos em vinil com pre\u00e7os justos e CDs independentes, atendendo a todos que pretendem adquirir algum t\u00edtulo que falte em sua cole\u00e7\u00e3o.<br \/>\nCom uma \u00e1rea privilegiada de 80 metros quadrados, al\u00e9m de um mezanino, a Discoteca P\u00fablica pretende ampliar seus horizontes, dando sequ\u00eancia ao trabalho de cataloga\u00e7\u00e3o, higieniza\u00e7\u00e3o e digitaliza\u00e7\u00e3o dos vinis, al\u00e9m de agregar a esse acervo, livros, revistas, fotografias, partituras, fitas cassete, VHS, DVDs e CDs de artistas mineiros e de todo o Brasil.<br \/>\nSe modernizando a cada ciclo, a Discoteca agora ruma para uma fase mais abrangente e valorizando cada vez mais o universo da m\u00fasica em sua mais aut\u00eantica tradu\u00e7\u00e3o.<br \/>\nInaugurando um novo sistema de trabalho e com um conceito mais forte do que nunca, a Discoteca P\u00fablica j\u00e1 se encontra aberta para visita\u00e7\u00f5es e est\u00e1 mais viva do que nunca como um oceano \u00e0 espera de navegantes dos mares musicais.<br \/>\nRua Hermilo Alves, 134 \u2013 Santa Tereza<span class=\"m_7083070179667147138apple-converted-space\">\u00a0<\/span><br \/>\nHor\u00e1rio de Funcionamento:<br \/>\n<span class=\"m_7083070179667147138textexposedshow\">Segunda \u00e0 sexta de 10:00h \u00e0s 19:00h<\/span><br \/>\n<span class=\"m_7083070179667147138textexposedshow\">S\u00e1bado de 10:00h \u00e0s 14:00h<\/span><br \/>\nInforma\u00e7\u00f5es e agendamentos:<b>\u00a0<\/b>31\u00a0&#8211;\u00a02514-5710\u00a0\/\u00a09 9215-5142<\/p>\n","protected":false},"excerpt":{"rendered":"<p>Santa Tereza ganha Discoteca P\u00fablica como novo espa\u00e7o cultural. A Discoteca P\u00fablica de Minas Gerais renasce em Santa Tereza depois de dois anos sediada no Mercado Distrital do Cruzeiro. O bairro de Santa Tereza, localizado na zona leste da capital, &hellip; <a href=\"https:\/\/www.toque-musicall.com\/?p=5792\">Continue lendo <span class=\"meta-nav\">&rarr;<\/span><\/a><\/p>\n","protected":false},"author":1,"featured_media":0,"comment_status":"open","ping_status":"closed","sticky":false,"template":"","format":"standard","meta":{"footnotes":""},"categories":[658],"tags":[],"class_list":["post-5792","post","type-post","status-publish","format-standard","hentry","category-extras"],"_links":{"self":[{"href":"https:\/\/www.toque-musicall.com\/index.php?rest_route=\/wp\/v2\/posts\/5792","targetHints":{"allow":["GET"]}}],"collection":[{"href":"https:\/\/www.toque-musicall.com\/index.php?rest_route=\/wp\/v2\/posts"}],"about":[{"href":"https:\/\/www.toque-musicall.com\/index.php?rest_route=\/wp\/v2\/types\/post"}],"author":[{"embeddable":true,"href":"https:\/\/www.toque-musicall.com\/index.php?rest_route=\/wp\/v2\/users\/1"}],"replies":[{"embeddable":true,"href":"https:\/\/www.toque-musicall.com\/index.php?rest_route=%2Fwp%2Fv2%2Fcomments&post=5792"}],"version-history":[{"count":1,"href":"https:\/\/www.toque-musicall.com\/index.php?rest_route=\/wp\/v2\/posts\/5792\/revisions"}],"predecessor-version":[{"id":5793,"href":"https:\/\/www.toque-musicall.com\/index.php?rest_route=\/wp\/v2\/posts\/5792\/revisions\/5793"}],"wp:attachment":[{"href":"https:\/\/www.toque-musicall.com\/index.php?rest_route=%2Fwp%2Fv2%2Fmedia&parent=5792"}],"wp:term":[{"taxonomy":"category","embeddable":true,"href":"https:\/\/www.toque-musicall.com\/index.php?rest_route=%2Fwp%2Fv2%2Fcategories&post=5792"},{"taxonomy":"post_tag","embeddable":true,"href":"https:\/\/www.toque-musicall.com\/index.php?rest_route=%2Fwp%2Fv2%2Ftags&post=5792"}],"curies":[{"name":"wp","href":"https:\/\/api.w.org\/{rel}","templated":true}]}}