{"id":5794,"date":"2016-10-09T11:42:19","date_gmt":"2016-10-09T14:42:19","guid":{"rendered":"http:\/\/www.toque-musicall.com\/?p=5794"},"modified":"2016-10-09T11:42:19","modified_gmt":"2016-10-09T14:42:19","slug":"programa-especial-vol-2-1979","status":"publish","type":"post","link":"https:\/\/www.toque-musicall.com\/?p=5794","title":{"rendered":"Programa Especial Vol. 2 (1979)"},"content":{"rendered":"<p><img loading=\"lazy\" decoding=\"async\" class=\"aligncenter size-large\" src=\"https:\/\/4.bp.blogspot.com\/-JbogWUgheS8\/V_pQQC-pl-I\/AAAAAAAANbc\/yYwnRZu813gUUkwC_C2-is5JvSUFHpQsACLcB\/s640\/capap.JPG\" alt=\"\" width=\"640\" height=\"637\" \/><img loading=\"lazy\" decoding=\"async\" class=\"aligncenter size-large\" src=\"https:\/\/1.bp.blogspot.com\/-uc3_AaOBiu8\/V_pQQf9eR_I\/AAAAAAAANbg\/G05EPElgZyIKNaHsVC06k4MB6UZss8NgQCLcB\/s640\/contrap.JPG\" alt=\"\" width=\"634\" height=\"640\" \/><\/p>\n<p>Bom dia, amigos cultos e ocultos! Intercalando as postagens do amigo Samuca, aqui vai mais um volume da s\u00e9rie &#8220;Programa Especial&#8221;, da Polygram. Neste segundo volume temos Gilberto Gil, Marku Ribas, Jorge Ben (Benjor) e Em\u00edlio Santiago distribu\u00eddos democraticamente nas doze faixas deste lp. Uma sele\u00e7\u00e3o impec\u00e1vel, exceto pelo n\u00famero de m\u00fasicas. No mais, excelente \ud83d\ude09<\/p>\n<div style=\"text-align: center;\">nega &#8211; em\u00edlio santiago<\/div>\n<div style=\"text-align: center;\">s\u00edtio do picapau amarelo &#8211; gilberto gil<\/div>\n<div style=\"text-align: center;\">barrankeiro &#8211; marku ribas<\/div>\n<div style=\"text-align: center;\">taj mahal &#8211; jorge ben<\/div>\n<div style=\"text-align: center;\">vida mare &#8211; em\u00edlio santiago<\/div>\n<div style=\"text-align: center;\">refazenda &#8211; gilberto gil<\/div>\n<div style=\"text-align: center;\">eu s\u00f3 quero um xod\u00f3 &#8211; gilberto gil<\/div>\n<div style=\"text-align: center;\">cruzeiro do sol &#8211; marku ribas<\/div>\n<div style=\"text-align: center;\">que pena &#8211; jorge ben<\/div>\n<div style=\"text-align: center;\">por uma vez s\u00f3 &#8211; em\u00edlio santiago<\/div>\n<div style=\"text-align: center;\">\u00f4 mulher &#8211; marku ribas<\/div>\n<div style=\"text-align: center;\">xica da silva &#8211; jorge ben<\/div>\n<div style=\"text-align: center;\"><\/div>\n<div style=\"text-align: center;\">.<\/div>\n","protected":false},"excerpt":{"rendered":"<p>Bom dia, amigos cultos e ocultos! Intercalando as postagens do amigo Samuca, aqui vai mais um volume da s\u00e9rie &#8220;Programa Especial&#8221;, da Polygram. Neste segundo volume temos Gilberto Gil, Marku Ribas, Jorge Ben (Benjor) e Em\u00edlio Santiago distribu\u00eddos democraticamente nas &hellip; <a href=\"https:\/\/www.toque-musicall.com\/?p=5794\">Continue lendo <span class=\"meta-nav\">&rarr;<\/span><\/a><\/p>\n","protected":false},"author":1,"featured_media":0,"comment_status":"open","ping_status":"closed","sticky":false,"template":"","format":"standard","meta":{"footnotes":""},"categories":[64,1964,45,583,1310,1601],"tags":[],"class_list":["post-5794","post","type-post","status-publish","format-standard","hentry","category-coletanea","category-emilio-santiago","category-gilberto-gil","category-jorge-ben","category-marku-ribas","category-selo-polyfar"],"_links":{"self":[{"href":"https:\/\/www.toque-musicall.com\/index.php?rest_route=\/wp\/v2\/posts\/5794","targetHints":{"allow":["GET"]}}],"collection":[{"href":"https:\/\/www.toque-musicall.com\/index.php?rest_route=\/wp\/v2\/posts"}],"about":[{"href":"https:\/\/www.toque-musicall.com\/index.php?rest_route=\/wp\/v2\/types\/post"}],"author":[{"embeddable":true,"href":"https:\/\/www.toque-musicall.com\/index.php?rest_route=\/wp\/v2\/users\/1"}],"replies":[{"embeddable":true,"href":"https:\/\/www.toque-musicall.com\/index.php?rest_route=%2Fwp%2Fv2%2Fcomments&post=5794"}],"version-history":[{"count":1,"href":"https:\/\/www.toque-musicall.com\/index.php?rest_route=\/wp\/v2\/posts\/5794\/revisions"}],"predecessor-version":[{"id":5795,"href":"https:\/\/www.toque-musicall.com\/index.php?rest_route=\/wp\/v2\/posts\/5794\/revisions\/5795"}],"wp:attachment":[{"href":"https:\/\/www.toque-musicall.com\/index.php?rest_route=%2Fwp%2Fv2%2Fmedia&parent=5794"}],"wp:term":[{"taxonomy":"category","embeddable":true,"href":"https:\/\/www.toque-musicall.com\/index.php?rest_route=%2Fwp%2Fv2%2Fcategories&post=5794"},{"taxonomy":"post_tag","embeddable":true,"href":"https:\/\/www.toque-musicall.com\/index.php?rest_route=%2Fwp%2Fv2%2Ftags&post=5794"}],"curies":[{"name":"wp","href":"https:\/\/api.w.org\/{rel}","templated":true}]}}