{"id":5796,"date":"2016-10-12T10:07:34","date_gmt":"2016-10-12T13:07:34","guid":{"rendered":"http:\/\/www.toque-musicall.com\/?p=5796"},"modified":"2016-10-12T10:07:34","modified_gmt":"2016-10-12T13:07:34","slug":"paulo-autran-o-pequeno-principe-1957","status":"publish","type":"post","link":"https:\/\/www.toque-musicall.com\/?p=5796","title":{"rendered":"Paulo Autran &#8211; O Pequeno Pr\u00edncipe (1957)"},"content":{"rendered":"<p><img loading=\"lazy\" decoding=\"async\" class=\"aligncenter size-large\" src=\"https:\/\/1.bp.blogspot.com\/-eptfF9ro-UQ\/V_4zDTWd0rI\/AAAAAAAANb0\/_q1T78zX9tYs5KZsGbjWzSjVJcwKgKE_ACLcB\/s640\/Paulo%2BAutran%2B-%2BO%2Bpequeno%2Bprincipe.jpg\" alt=\"\" width=\"640\" height=\"640\" \/><img loading=\"lazy\" decoding=\"async\" class=\"aligncenter size-large\" src=\"https:\/\/4.bp.blogspot.com\/-LHabG8QcHGQ\/V_4ze3PkxZI\/AAAAAAAANb4\/5bnHF7yemgwkMFDhKA800GJra9utkaWFwCLcB\/s640\/contrap.JPG\" alt=\"\" width=\"640\" height=\"640\" \/><\/p>\n<p>Verdadeira obra-prima do escritor franc\u00eas Antoine de Saint-Exup\u00e9ry (Lyon, 29\/6\/1980-litoral sul da Fran\u00e7a, 31\/7\/1944), \u201cO Pequeno Pr\u00edncipe\u201d, \u00faltimo livro publicado em vida do autor, em 1943, est\u00e1 em terceiro lugar entre as obras liter\u00e1rias mais traduzidas no mundo, editada em mais de 220 idiomas e dialetos, s\u00f3 perdendo para o Al-Cor\u00e3o e a B\u00edblia. E seu enredo possui a capacidade de envolver leitores de todas as idades, despertando o interesse em olhar com mais cuidado para o mundo em que vivemos. \u00c9 dif\u00edcil n\u00e3o se emocionar com a hist\u00f3ria do principezinho loiro e fr\u00e1gil encontrado por um aviador (o pr\u00f3prio Exup\u00e9ry) no deserto do Saara, ap\u00f3s cair com seu avi\u00e3o, e vindo do asteroide B-612. Ali, na conviv\u00eancia com o piloto perdido, os dois repensam seus valores e encontram o sentido da vida. E com s\u00e9rias cr\u00edticas aos adultos, questionando suas condutas (pregui\u00e7a, autoritarismo, vaidade, pressa excessiva). Uma hist\u00f3ria m\u00e1gica, sens\u00edvel, comovente, \u00e0s vezes triste, que, ao cair no dom\u00ednio p\u00fablico, passou a ser publicada por diferentes editoras, podendo ser encontrada em formatos diversos, at\u00e9 mesmo em edi\u00e7\u00f5es de luxo e \u00e1lbuns para colorir!\u00a0\u201cO Pequeno Pr\u00edncipe\u201d recebeu in\u00fameras adapta\u00e7\u00f5es, inclusive para o cinema e televis\u00e3o (quem n\u00e3o se lembra de uma s\u00e9rie de desenhos animados que vivia passando no SBT?). E, evidentemente, tamb\u00e9m chegou ao disco, por iniciativa do incans\u00e1vel Irineu Garcia, dono do selo Festa. E \u00e9 justamente o LP adaptando a bela e querida hist\u00f3ria do Pequeno Pr\u00edncipe, que o Toque Musical oferece com a satisfa\u00e7\u00e3o de sempre a seus amigos cultos e associados. E esse disco, logicamente, contou com o cuidado de produ\u00e7\u00e3o habitual da Festa, inclusive com um encarte reproduzindo aquarelas originais que o autor fez para ilustrar sua obra-prima. Lan\u00e7ado em 1957, tem dois aut\u00eanticos \u201ccobras\u201d envolvidos em sua elabora\u00e7\u00e3o: o mestre Tom Jobim, na m\u00fasica, e a narra\u00e7\u00e3o expressiva de Paulo Autran, sem d\u00favida um dos maiores expoentes que nossa arte dram\u00e1tica j\u00e1 teve. Tudo feito com a devida autoriza\u00e7\u00e3o da Gallimard, a editora francesa que deteve durante anos os direitos de publica\u00e7\u00e3o da obra, at\u00e9 esta cair em dom\u00ednio p\u00fablico. A voz do Pequeno Pr\u00edncipe ficou a cargo de Gl\u00f3ria Cometh, atriz teatral, e deste disco ainda participam Oswaldo Loureiro Filho (o Acendedor de Lampi\u00f5es), Margarida Rey (a Serpente), Benedito Corsi e Aury Cahet (a Rosa). Fiel \u00e0 tradu\u00e7\u00e3o brasileira de Dom Marcos Barbosa (h\u00e1 outra mais recente, de Frei Betto), o disco repetiu o sucesso do livro, e\u00a0 teve tantas reprensagens que at\u00e9 desgastaram as madres de impress\u00e3o! Foi reeditado por doze anos, e chegou ao CD em 1999, sendo um dos t\u00edtulos mais vendidos em toda a hist\u00f3ria da Festa. E \u00e9 agora oferecido pelo TM para alegria de todos aqueles que se comoveram ao ler o livro quando crian\u00e7as, e tamb\u00e9m para conhecimento do p\u00fablico que hoje se emociona com esta bela e cativante hist\u00f3ria, que tanto tem cativado crian\u00e7as e adultos h\u00e1 pouco mais de setenta anos!<\/p>\n<p>* Texto de Samuel Machado Filho<\/p>\n","protected":false},"excerpt":{"rendered":"<p>Verdadeira obra-prima do escritor franc\u00eas Antoine de Saint-Exup\u00e9ry (Lyon, 29\/6\/1980-litoral sul da Fran\u00e7a, 31\/7\/1944), \u201cO Pequeno Pr\u00edncipe\u201d, \u00faltimo livro publicado em vida do autor, em 1943, est\u00e1 em terceiro lugar entre as obras liter\u00e1rias mais traduzidas no mundo, editada em &hellip; <a href=\"https:\/\/www.toque-musicall.com\/?p=5796\">Continue lendo <span class=\"meta-nav\">&rarr;<\/span><\/a><\/p>\n","protected":false},"author":1,"featured_media":0,"comment_status":"open","ping_status":"closed","sticky":false,"template":"","format":"standard","meta":{"footnotes":""},"categories":[135,2789,1187,318,517],"tags":[],"class_list":["post-5796","post","type-post","status-publish","format-standard","hentry","category-antonio-carlos-jobim","category-o-pequeno-principe","category-paulo-autran","category-poesia","category-selo-festa"],"_links":{"self":[{"href":"https:\/\/www.toque-musicall.com\/index.php?rest_route=\/wp\/v2\/posts\/5796","targetHints":{"allow":["GET"]}}],"collection":[{"href":"https:\/\/www.toque-musicall.com\/index.php?rest_route=\/wp\/v2\/posts"}],"about":[{"href":"https:\/\/www.toque-musicall.com\/index.php?rest_route=\/wp\/v2\/types\/post"}],"author":[{"embeddable":true,"href":"https:\/\/www.toque-musicall.com\/index.php?rest_route=\/wp\/v2\/users\/1"}],"replies":[{"embeddable":true,"href":"https:\/\/www.toque-musicall.com\/index.php?rest_route=%2Fwp%2Fv2%2Fcomments&post=5796"}],"version-history":[{"count":1,"href":"https:\/\/www.toque-musicall.com\/index.php?rest_route=\/wp\/v2\/posts\/5796\/revisions"}],"predecessor-version":[{"id":5797,"href":"https:\/\/www.toque-musicall.com\/index.php?rest_route=\/wp\/v2\/posts\/5796\/revisions\/5797"}],"wp:attachment":[{"href":"https:\/\/www.toque-musicall.com\/index.php?rest_route=%2Fwp%2Fv2%2Fmedia&parent=5796"}],"wp:term":[{"taxonomy":"category","embeddable":true,"href":"https:\/\/www.toque-musicall.com\/index.php?rest_route=%2Fwp%2Fv2%2Fcategories&post=5796"},{"taxonomy":"post_tag","embeddable":true,"href":"https:\/\/www.toque-musicall.com\/index.php?rest_route=%2Fwp%2Fv2%2Ftags&post=5796"}],"curies":[{"name":"wp","href":"https:\/\/api.w.org\/{rel}","templated":true}]}}