{"id":5799,"date":"2016-10-11T10:44:41","date_gmt":"2016-10-11T13:44:41","guid":{"rendered":"http:\/\/www.toque-musicall.com\/?p=5799"},"modified":"2016-10-12T10:47:18","modified_gmt":"2016-10-12T13:47:18","slug":"comemoracoes-civicas-1982","status":"publish","type":"post","link":"https:\/\/www.toque-musicall.com\/?p=5799","title":{"rendered":"Comemora\u00e7\u00f5es C\u00edvicas (1982)"},"content":{"rendered":"<p><img loading=\"lazy\" decoding=\"async\" class=\"aligncenter size-large\" src=\"https:\/\/1.bp.blogspot.com\/-ETxMEcvhttI\/V_48VPYO0JI\/AAAAAAAANcI\/hCy9QiUHjTwnzUQFavrHWcQPPSAYUqLWgCLcB\/s640\/capap.JPG\" alt=\"\" width=\"640\" height=\"640\" \/><img loading=\"lazy\" decoding=\"async\" class=\"aligncenter size-large\" src=\"https:\/\/2.bp.blogspot.com\/-V3zBikRNxQM\/V_48WNZ5j1I\/AAAAAAAANcM\/xdTpwjma--0ojwhTSGmKyvmA_bUNT1jTgCLcB\/s640\/contrap.JPG\" alt=\"\" width=\"622\" height=\"640\" \/><\/p>\n<p>Did\u00e1tico e ao mesmo tempo obscuro. Assim pode ser classificado o \u00e1lbum que o TM oferece hoje a seus amigos cultos, ocultos e associados. No geral, o disco re\u00fane temas para in\u00fameras comemora\u00e7\u00f5es de cunho c\u00edvico e festivo (Dia da Bandeira, da Crian\u00e7a, do Professor, do Bombeiro, Independ\u00eancia, Tiradentes, festas juninas, etc.). S\u00f3 que n\u00e3o h\u00e1 informa\u00e7\u00e3o nenhuma a respeito de autores das faixas nem de m\u00fasicos que participaram do disco, por certo produzido com finalidade educacional. O que se sabe \u00e9 que a Bolsa Nacional do Livro, respons\u00e1vel por seu lan\u00e7amento, est\u00e1 a\u00ed, firme e forte, at\u00e9 hoje. Fundada em 1957, e \u201corganizada para difundir a cultura\u201d, a BNL tem sede em Curitiba, capital do Paran\u00e1, e seus produtos s\u00e3o especialmente direcionados \u00e0 educa\u00e7\u00e3o infantil e ao ensino fundamental. E \u00e9 justamente o caso desse disco, que tamb\u00e9m n\u00e3o possui ano de lan\u00e7amento conhecido, mas por certo \u00e9 posterior a 1981, quando a gravadora Continental, respons\u00e1vel pela prensagem, mudou sua f\u00e1brica de S\u00e3o Paulo para o Rio de Janeiro. A indica\u00e7\u00e3o \u201cAtlas pedag\u00f3gico brasileiro\u201d, constante do selo, \u00e9 outra inc\u00f3gnita. Ao que parece, o disco foi produzido para acompanhar o referido atlas, que, como muita gente deve se lembrar, fornecia no\u00e7\u00f5es diversas de l\u00edngua p\u00e1tria, conhecimentos gerais, Matem\u00e1tica, Geografia e Hist\u00f3ria brasileiras. Foi publicado durante anos pela extinta EPB (Editora Pedag\u00f3gica Brasileira), que tinha sede em S\u00e3o Paulo, e, ao que parece, encampado pela BNL. Por certo ajudava bastante na escola, e com alguma sorte ainda pode ser encontrado em sebos. Mist\u00e9rios \u00e0 parte, este \u201cComemora\u00e7\u00f5es c\u00edvicas\u201d, com catorze faixas, \u00e9 fiel ao que a BNL se prop\u00f5e desde sua funda\u00e7\u00e3o, reunindo m\u00fasicas para as mais variadas datas c\u00edvico-festivas. Serve tamb\u00e9m pra gente lembrar o nosso tempo de estudante, naquilo que ele tinha de bom e proveitoso. Verdes anos&#8230;<\/p>\n<p style=\"text-align: center;\">dia do \u00edndio<\/p>\n<p style=\"text-align: center;\">dia de anchieta<\/p>\n<p style=\"text-align: center;\">princesa izabel e a aboli\u00e7\u00e3o<\/p>\n<p style=\"text-align: center;\">tiradentes e a inconfid\u00eancia<\/p>\n<p style=\"text-align: center;\">dia da crian\u00e7a<\/p>\n<p style=\"text-align: center;\">dia do professor<\/p>\n<p style=\"text-align: center;\">quadrilha para festa junina<\/p>\n<p style=\"text-align: center;\">dia do folclore<\/p>\n<p style=\"text-align: center;\">entrada da primavera<\/p>\n<p style=\"text-align: center;\">dia do transito<\/p>\n<p style=\"text-align: center;\">hino ao bombeiro<\/p>\n<p style=\"text-align: center;\">hino nacional do brasil<\/p>\n<p style=\"text-align: center;\">hino a bandeira<\/p>\n<p style=\"text-align: center;\">hino da independ\u00eancia<\/p>\n<p>*Texto de Samuel Machado Filho<\/p>\n","protected":false},"excerpt":{"rendered":"<p>Did\u00e1tico e ao mesmo tempo obscuro. Assim pode ser classificado o \u00e1lbum que o TM oferece hoje a seus amigos cultos, ocultos e associados. No geral, o disco re\u00fane temas para in\u00fameras comemora\u00e7\u00f5es de cunho c\u00edvico e festivo (Dia da &hellip; <a href=\"https:\/\/www.toque-musicall.com\/?p=5799\">Continue lendo <span class=\"meta-nav\">&rarr;<\/span><\/a><\/p>\n","protected":false},"author":1,"featured_media":0,"comment_status":"open","ping_status":"closed","sticky":false,"template":"","format":"standard","meta":{"footnotes":""},"categories":[2790,25],"tags":[],"class_list":["post-5799","post","type-post","status-publish","format-standard","hentry","category-comemoracoes-civicas","category-selo-independente"],"_links":{"self":[{"href":"https:\/\/www.toque-musicall.com\/index.php?rest_route=\/wp\/v2\/posts\/5799","targetHints":{"allow":["GET"]}}],"collection":[{"href":"https:\/\/www.toque-musicall.com\/index.php?rest_route=\/wp\/v2\/posts"}],"about":[{"href":"https:\/\/www.toque-musicall.com\/index.php?rest_route=\/wp\/v2\/types\/post"}],"author":[{"embeddable":true,"href":"https:\/\/www.toque-musicall.com\/index.php?rest_route=\/wp\/v2\/users\/1"}],"replies":[{"embeddable":true,"href":"https:\/\/www.toque-musicall.com\/index.php?rest_route=%2Fwp%2Fv2%2Fcomments&post=5799"}],"version-history":[{"count":1,"href":"https:\/\/www.toque-musicall.com\/index.php?rest_route=\/wp\/v2\/posts\/5799\/revisions"}],"predecessor-version":[{"id":5800,"href":"https:\/\/www.toque-musicall.com\/index.php?rest_route=\/wp\/v2\/posts\/5799\/revisions\/5800"}],"wp:attachment":[{"href":"https:\/\/www.toque-musicall.com\/index.php?rest_route=%2Fwp%2Fv2%2Fmedia&parent=5799"}],"wp:term":[{"taxonomy":"category","embeddable":true,"href":"https:\/\/www.toque-musicall.com\/index.php?rest_route=%2Fwp%2Fv2%2Fcategories&post=5799"},{"taxonomy":"post_tag","embeddable":true,"href":"https:\/\/www.toque-musicall.com\/index.php?rest_route=%2Fwp%2Fv2%2Ftags&post=5799"}],"curies":[{"name":"wp","href":"https:\/\/api.w.org\/{rel}","templated":true}]}}