{"id":580,"date":"2011-01-13T09:00:00","date_gmt":"2011-01-13T09:00:00","guid":{"rendered":"http:\/\/www.toque-musicall.com\/?p=580"},"modified":"2011-01-13T09:00:00","modified_gmt":"2011-01-13T09:00:00","slug":"eustaquio-sena-brasil-riqueza-1983","status":"publish","type":"post","link":"https:\/\/www.toque-musicall.com\/?p=580","title":{"rendered":"Eust\u00e1quio Sena &#8211; Brasil Riqueza (1983)"},"content":{"rendered":"<p><a href=\"http:\/\/1.bp.blogspot.com\/_DSKVEvHtskc\/TS7CllfW7mI\/AAAAAAAAHj0\/PkvELgOjS7g\/s1600\/eust%25C3%25A1quio+sena+P.JPG\"><img decoding=\"async\" style=\"TEXT-ALIGN: center; MARGIN: 0px auto 10px; WIDTH: 400px; DISPLAY: block; HEIGHT: 399px; CURSOR: hand\" id=\"BLOGGER_PHOTO_ID_5561596540823727714\" border=\"0\" alt=\"\" src=\"http:\/\/1.bp.blogspot.com\/_DSKVEvHtskc\/TS7CllfW7mI\/AAAAAAAAHj0\/PkvELgOjS7g\/s400\/eust%25C3%25A1quio+sena+P.JPG\" \/><\/a>Bom dia, amigos cultos e ocultos! Vejam voc\u00eas como algumas coisas, as vezes, passam batido pela gente e s\u00f3 depois ficamos sabendo. Ontem, meio que por acaso, estava eu lendo uma mat\u00e9ria sobre produtores musicais na televis\u00e3o brasileira nos anos 70 e um dos nomes que muito me chamou a aten\u00e7\u00e3o era a do m\u00fasico mineiro Eust\u00e1quio Sena. Confesso que nunca havia atinado para este artista, me lembrava apenas de uma ou outra m\u00fasica cantada por ele e deste disco que agora eu apresento a voc\u00eas. O que me motivou a post\u00e1-lo foi saber um pouco mais da sua hist\u00f3ria e que faleceu prematuramente em 2007. Fiquei espantado, pois n\u00e3o me lembro de ter visto ou lido uma nota se quer na imprensa sobre o ocorrido. Talvez n\u00e3o merecesse, n\u00e3o fosse ele um artista talentoso, compositor e produtor com muita bagagem. Sua trajet\u00f3ria, pelo que eu li, come\u00e7a na primeira metade dos anos 60. Passou pela Jovem Guarda, por festivais e em diferentes discos de diferentes artistas. Foi parceiro em algumas m\u00fasicas do cantor, tamb\u00e9m falecido, Paulo S\u00e9rgio e do roqueiro que virou &#8216;cowboy&#8217;, Eduardo Ara\u00fajo. Participou de importantes festivais dos anos 60, como compositor e tamb\u00e9m int\u00e9rprete. Mas a sua atua\u00e7\u00e3o maior est\u00e1 por tr\u00e1s das cortinas, como produtor. Para se ter uma ideia, ele trabalhou para o selo Elenco e Som Livre, produziu discos importantes como o &#8220;Deixa Estar&#8221; do MPB 4, &#8220;Acabou Chorare&#8221; dos Novos Baianos e o primeiro disco de Alceu Valen\u00e7a. Na Som Livre ele teve um papel importante, trabalhando tanto como produtor, compositor e int\u00e9rprete para diversos discos da gravadora, inclusive as trilhas de novelas dos anos 70. Suas m\u00fasicas foram gravadas por artistas como Jair Rodrigues, Evaldo Braga, Ronnie Von, Leno &#038; Lilian, Originais do Samba, Robertinho do Recife, Jorge Mautner, Manduka, entre outros. Seu nome aparece em quase todos os disco da Som Livre dos anos 70, seja como produtor ou int\u00e9rprete. Como trabalho autoral, discos, ele gravou poucos. Seu trabalho de maior destaque foi o \u00e1lbum &#8216;Cauromi&#8217;, lan\u00e7ado em 1980 pela Epic. Em 83 ele volta com este &#8220;Brasil Riqueza&#8221;, outro \u00e1lbum, tamb\u00e9m muito bom, onde se destacam m\u00fasicas como &#8220;Vamos ver como \u00e9 que fica (Uirapuru)&#8221;, &#8220;Flor de laranjeira&#8221; e seresteira &#8220;Remanso&#8221;, uma parceria com Z\u00e9 Ramalho e Waldir Silva.<br \/>Diante a tudo isso, eu hoje achei por bem postar o disco, que at\u00e9 ent\u00e3o eu ainda n\u00e3o o vi nas &#8216;bocas&#8217;. De quebra, inclu\u00ed como b\u00f4nus a m\u00fasica &#8220;Mariana&#8221;, tema de sucesso em uma das novelas da Globo. Confiram&#8230;<\/p>\n<div align=\"center\">vamos ver como \u00e9 que fica (uirapuru)<\/div>\n<div align=\"center\">morena<\/div>\n<div align=\"center\">flor de laranjeira<\/div>\n<div align=\"center\">dez mil anos luz<\/div>\n<div align=\"center\">maxacalis<\/div>\n<div align=\"center\">riqueza brasil<\/div>\n<div align=\"center\">muito prazer<\/div>\n<div align=\"center\">remanso<\/div>\n<div align=\"center\">terra dos homens<\/div>\n<div align=\"center\">valsinha (bem mais amor)<\/div>\n<div align=\"center\">mariana (bonus)<\/div>\n<div align=\"center\"> <\/div>\n<div align=\"center\"> <\/div>\n","protected":false},"excerpt":{"rendered":"<p>Bom dia, amigos cultos e ocultos! Vejam voc\u00eas como algumas coisas, as vezes, passam batido pela gente e s\u00f3 depois ficamos sabendo. Ontem, meio que por acaso, estava eu lendo uma mat\u00e9ria sobre produtores musicais na televis\u00e3o brasileira nos anos &hellip; <a href=\"https:\/\/www.toque-musicall.com\/?p=580\">Continue lendo <span class=\"meta-nav\">&rarr;<\/span><\/a><\/p>\n","protected":false},"author":1,"featured_media":0,"comment_status":"open","ping_status":"closed","sticky":false,"template":"","format":"standard","meta":{"footnotes":""},"categories":[873],"tags":[],"class_list":["post-580","post","type-post","status-publish","format-standard","hentry","category-eustaquio-sena"],"_links":{"self":[{"href":"https:\/\/www.toque-musicall.com\/index.php?rest_route=\/wp\/v2\/posts\/580","targetHints":{"allow":["GET"]}}],"collection":[{"href":"https:\/\/www.toque-musicall.com\/index.php?rest_route=\/wp\/v2\/posts"}],"about":[{"href":"https:\/\/www.toque-musicall.com\/index.php?rest_route=\/wp\/v2\/types\/post"}],"author":[{"embeddable":true,"href":"https:\/\/www.toque-musicall.com\/index.php?rest_route=\/wp\/v2\/users\/1"}],"replies":[{"embeddable":true,"href":"https:\/\/www.toque-musicall.com\/index.php?rest_route=%2Fwp%2Fv2%2Fcomments&post=580"}],"version-history":[{"count":0,"href":"https:\/\/www.toque-musicall.com\/index.php?rest_route=\/wp\/v2\/posts\/580\/revisions"}],"wp:attachment":[{"href":"https:\/\/www.toque-musicall.com\/index.php?rest_route=%2Fwp%2Fv2%2Fmedia&parent=580"}],"wp:term":[{"taxonomy":"category","embeddable":true,"href":"https:\/\/www.toque-musicall.com\/index.php?rest_route=%2Fwp%2Fv2%2Fcategories&post=580"},{"taxonomy":"post_tag","embeddable":true,"href":"https:\/\/www.toque-musicall.com\/index.php?rest_route=%2Fwp%2Fv2%2Ftags&post=580"}],"curies":[{"name":"wp","href":"https:\/\/api.w.org\/{rel}","templated":true}]}}