{"id":5801,"date":"2016-10-13T18:11:50","date_gmt":"2016-10-13T21:11:50","guid":{"rendered":"http:\/\/www.toque-musicall.com\/?p=5801"},"modified":"2016-10-15T18:25:01","modified_gmt":"2016-10-15T21:25:01","slug":"programa-especial-vol-3-1979","status":"publish","type":"post","link":"https:\/\/www.toque-musicall.com\/?p=5801","title":{"rendered":"Programa Especial Vol. 3 (1979)"},"content":{"rendered":"<p><img loading=\"lazy\" decoding=\"async\" class=\"aligncenter size-large\" src=\"https:\/\/3.bp.blogspot.com\/-L1v7oLN_hTM\/WAKU8xWWZqI\/AAAAAAAANco\/DoQgVYK8z800Ack2BdrSG3AmYGPVyQepwCEw\/s640\/capap.JPG\" alt=\"\" width=\"640\" height=\"630\" \/><img loading=\"lazy\" decoding=\"async\" class=\"aligncenter size-large\" src=\"https:\/\/1.bp.blogspot.com\/--QeAnAfwDb8\/WAKU87nqhdI\/AAAAAAAANck\/FSr1T8TFrU0pMTMWDLZPSwIyWi_162yWQCEw\/s640\/contrap.JPG\" alt=\"\" width=\"640\" height=\"634\" \/><\/p>\n<p>Ol\u00e1 amigu\u00edssimos cultos e ocultos! E aqui vai mais um lp da s\u00e9rie &#8220;Programa Especial&#8221;. Temos para hoje o volume 3 que traz nesta colet\u00e2nea outros quatro grandes artistas da mpb. Desta vez a pegada tem uma pitada de rock, muito por conta da Rita Lee e do Raul Seixas. Mas Fagner e Belchir, nessa fase, tamb\u00e9m n\u00e3o ficam para tr\u00e1s. Eis uma colet\u00e2nea boa, com tr\u00eas m\u00fasicas para cada artista. D\u00e1 para matar a vontade, ou despertar o ouvir mais \ud83d\ude09<\/p>\n<div style=\"text-align: center;\">nasci para chorar &#8211; fagner<\/div>\n<div style=\"text-align: center;\">ouro de tolo &#8211; raul seixas<\/div>\n<div style=\"text-align: center;\">sujeito de sorte &#8211; belchior<\/div>\n<div style=\"text-align: center;\">menino bonito &#8211; rita lee<\/div>\n<div style=\"text-align: center;\">mucuripe &#8211; fagner<\/div>\n<div style=\"text-align: center;\">n\u00e3o leve flores &#8211; belchior<\/div>\n<div style=\"text-align: center;\">jos\u00e9 &#8211; rita lee<\/div>\n<div style=\"text-align: center;\">eu nasci a dez mil anos atr\u00e1s &#8211; raul seixas<\/div>\n<div style=\"text-align: center;\">como nossos pais &#8211; belchior<\/div>\n<div style=\"text-align: center;\">mam\u00e3e natureza &#8211; rita lee<\/div>\n<div style=\"text-align: center;\">\u00faltimo pau de arara &#8211; fagner<\/div>\n<div style=\"text-align: center;\">gita &#8211; raul seixas<\/div>\n<div style=\"text-align: center;\"><\/div>\n<div style=\"text-align: center;\">.<\/div>\n<div><\/div>\n<div>.<\/div>\n","protected":false},"excerpt":{"rendered":"<p>Ol\u00e1 amigu\u00edssimos cultos e ocultos! E aqui vai mais um lp da s\u00e9rie &#8220;Programa Especial&#8221;. Temos para hoje o volume 3 que traz nesta colet\u00e2nea outros quatro grandes artistas da mpb. Desta vez a pegada tem uma pitada de rock, &hellip; <a href=\"https:\/\/www.toque-musicall.com\/?p=5801\">Continue lendo <span class=\"meta-nav\">&rarr;<\/span><\/a><\/p>\n","protected":false},"author":1,"featured_media":0,"comment_status":"open","ping_status":"closed","sticky":false,"template":"","format":"standard","meta":{"footnotes":""},"categories":[1391,64,132,582,1764,1601],"tags":[],"class_list":["post-5801","post","type-post","status-publish","format-standard","hentry","category-belchior","category-coletanea","category-fagner","category-raul-seixas","category-rita-lee","category-selo-polyfar"],"_links":{"self":[{"href":"https:\/\/www.toque-musicall.com\/index.php?rest_route=\/wp\/v2\/posts\/5801","targetHints":{"allow":["GET"]}}],"collection":[{"href":"https:\/\/www.toque-musicall.com\/index.php?rest_route=\/wp\/v2\/posts"}],"about":[{"href":"https:\/\/www.toque-musicall.com\/index.php?rest_route=\/wp\/v2\/types\/post"}],"author":[{"embeddable":true,"href":"https:\/\/www.toque-musicall.com\/index.php?rest_route=\/wp\/v2\/users\/1"}],"replies":[{"embeddable":true,"href":"https:\/\/www.toque-musicall.com\/index.php?rest_route=%2Fwp%2Fv2%2Fcomments&post=5801"}],"version-history":[{"count":1,"href":"https:\/\/www.toque-musicall.com\/index.php?rest_route=\/wp\/v2\/posts\/5801\/revisions"}],"predecessor-version":[{"id":5802,"href":"https:\/\/www.toque-musicall.com\/index.php?rest_route=\/wp\/v2\/posts\/5801\/revisions\/5802"}],"wp:attachment":[{"href":"https:\/\/www.toque-musicall.com\/index.php?rest_route=%2Fwp%2Fv2%2Fmedia&parent=5801"}],"wp:term":[{"taxonomy":"category","embeddable":true,"href":"https:\/\/www.toque-musicall.com\/index.php?rest_route=%2Fwp%2Fv2%2Fcategories&post=5801"},{"taxonomy":"post_tag","embeddable":true,"href":"https:\/\/www.toque-musicall.com\/index.php?rest_route=%2Fwp%2Fv2%2Ftags&post=5801"}],"curies":[{"name":"wp","href":"https:\/\/api.w.org\/{rel}","templated":true}]}}