{"id":5803,"date":"2016-10-14T09:18:38","date_gmt":"2016-10-14T12:18:38","guid":{"rendered":"http:\/\/www.toque-musicall.com\/?p=5803"},"modified":"2016-10-16T09:21:34","modified_gmt":"2016-10-16T11:21:34","slug":"joyce-feminina-1980","status":"publish","type":"post","link":"https:\/\/www.toque-musicall.com\/?p=5803","title":{"rendered":"Joyce &#8211; Feminina (1980)"},"content":{"rendered":"<p><img loading=\"lazy\" decoding=\"async\" class=\"aligncenter size-large\" src=\"https:\/\/1.bp.blogspot.com\/-KXgUKJaIVfo\/WANf-dww1QI\/AAAAAAAANc8\/cETzYqvb5iszHYxtdMkhaJVXfIfWbtT9wCLcB\/s640\/capap.JPG\" alt=\"\" width=\"640\" height=\"633\" \/><img loading=\"lazy\" decoding=\"async\" class=\"aligncenter size-large\" src=\"https:\/\/1.bp.blogspot.com\/-8zRrgymwODs\/WANf-KoWj5I\/AAAAAAAANc4\/P_NLOguB7YIC53NGhgc8AF2Hq9GDent5wCLcB\/s640\/contrap.JPG\" alt=\"\" width=\"640\" height=\"637\" \/><\/p>\n<p>O Toque Musical oferece hoje a seus amigos cultos, ocultos e associados o \u00e1lbum de maior sucesso da cantora e compositora Joyce, que mais tarde passou a se assinar Joyce Moreno, por conta do registro civil de seu casamento com o baterista Tutty Moreno. Batizada como Joyce Silveira Palhano de Jesus, ela veio ao mundo no dia 31 de janeiro de 1948, e foi criada na Zona Sul de sua cidade natal, o Rio de Janeiro. Come\u00e7ou a tocar viol\u00e3o aos 14 anos, observando seu irm\u00e3o, o guitarrista Newton, amigo de m\u00fasicos da bossa nova como Eumir Deodato e Roberto Menescal.\u00a0 Mais tarde, estudou com Jodacil Damasceno (viol\u00e3o cl\u00e1ssico e t\u00e9cnica) e Wilma Gra\u00e7a (teoria e solfejo). Em 1963, a convite de Roberto Menescal, participou pela primeira vez de uma grava\u00e7\u00e3o em est\u00fadio, no \u00e1lbum \u201cSambacana\u201d, de Pac\u00edfico Mascarenhas. A partir da\u00ed, gravou in\u00fameros jingles publicit\u00e1rios e come\u00e7ou a compor. \u00a0Em 1967, classificou sua composi\u00e7\u00e3o \u201cMe disseram\u201d no II Festival Internacional da Can\u00e7\u00e3o, promovido pela TV Globo. Um ano depois, veio o primeiro LP-solo, intitulado apenas \u201cJoyce\u201d, com texto de apresenta\u00e7\u00e3o do Poetinha Vin\u00edcius de Moraes. Em 1970-71, fez parte do grupo vocal e instrumental A Tribo, ao lado de Toninho Horta, Nan\u00e1 Vasconcellos, N\u00e9lson \u00c2ngelo e Novelli, chegando a gravar algumas faixas no LP \u201cPosi\u00e7\u00f5es\u201d. Entre 1971 e 1975, afastou-se do meio musical, dedicando-se apenas \u00e0s filhas Clara e Ana, nascidas respectivamente em 1971 e 1972. Em 75, Joyce retoma a carreira, substituindo o violonista Toquinho, ao lado de Vin\u00edcius de Moraes, em turn\u00ea pela Am\u00e9rica Latina e depois pela Europa, j\u00e1 com Toquinho de volta ao grupo. Na It\u00e1lia, gravou o \u00e1lbum \u201cPassarinho urbano\u201d, com m\u00fasicas de autores brasileiros ent\u00e3o duramente atingidos pela censura do regime militar, como Chico Buarque, M\u00edlton Nascimento, Caetano Veloso e o pr\u00f3prio Vin\u00edcius. Em 1977, fez uma temporada de seis meses em Nova York, e gravou, junto com Maur\u00edcio Maestro, o disco \u201cNatureza\u201d, para o mercado exterior, mas que jamais foi comercializado.\u00a0 Como compositora, tem m\u00fasicas gravadas por nomes do porte de M\u00edlton Nascimento, Elis Regina. Maria Beth\u00e2nia, Faf\u00e1 de Bel\u00e9m, Quarteto em Cy e Joanna. Sua discografia abrange mais de quarenta \u00e1lbuns, gravados no Brasil e no exterior, al\u00e9m de in\u00fameros compactos e dois DVDs. Joyce Moreno tem divulgado nossa m\u00fasica em sucessivas turn\u00eas internacionais, fazendo grande sucesso entre o p\u00fablico de drum\u2019n\u2019bass e acid jazz.\u00a0 Publicou, em 1997, o livro \u201cFotografei voc\u00ea na minha Rolleyflex\u201d, reunindo cr\u00f4nicas e hist\u00f3rias da MPB. \u201cFeminina\u201d, o \u00e1lbum que o TM hoje nos oferece, foi o trabalho que marcou a primeira grande exposi\u00e7\u00e3o de Joyce na m\u00eddia. Lan\u00e7ado pela EMI-Odeon em 1980, foi seu quinto \u00e1lbum-solo, o mais autoral e o de maior repercuss\u00e3o popular, no qual canta as dores e del\u00edcias de ser mulher: a descoberta da sensualidade (na faixa-t\u00edtulo, \u201cFeminina\u201d), a paix\u00e3o (\u201dMist\u00e9rios\u201d), \u00a0o sexo (\u201cDa cor brasileira\u201d) e as dificuldades de conciliar marido, filhos e desejos (\u201cEssa mulher\u201d).\u00a0 Al\u00e9m, \u00e9 claro, de incluir sua m\u00fasica de maior sucesso, \u201cClareana\u201d, que fez em homenagem a suas filhas, e uma das finalistas do festival MPB-80, da TV Globo. Elas, inclusive, fazem pequena participa\u00e7\u00e3o ao final do registro. Mais tarde, j\u00e1 crescidas, profissionalizaram-se como cantoras, sob os nomes de Clara Moreno e Ana Martins. \u201cFeminina\u201d foi inclusive citado por Charles Gavin, baterista do grupo de rock Tit\u00e3s, em seu livro \u201cTrezentos discos importantes da m\u00fasica brasileira\u201d, publicado em 2008. Portanto, \u00e9 mais um trabalho de qualidade orgulhosamente oferecido a voc\u00eas pelo TM, e uma valiosa amostra do talento de Joyce (agora Moreno) como autora e int\u00e9rprete. \u00c9 s\u00f3 conferir.<\/p>\n<p style=\"text-align: center;\">feminina<\/p>\n<p style=\"text-align: center;\">minst\u00e9rios<\/p>\n<p style=\"text-align: center;\">clareana<\/p>\n<p style=\"text-align: center;\">banana<\/p>\n<p style=\"text-align: center;\">revendo amigos<\/p>\n<p style=\"text-align: center;\">essa mulher<\/p>\n<p style=\"text-align: center;\">cora\u00e7\u00e3o de crian\u00e7a<\/p>\n<p style=\"text-align: center;\">da cor brasileira<\/p>\n<p style=\"text-align: center;\">aldeia de ogum<\/p>\n<p style=\"text-align: center;\">compor<\/p>\n<p>*Texto de Samuel Machado Filho<\/p>\n","protected":false},"excerpt":{"rendered":"<p>O Toque Musical oferece hoje a seus amigos cultos, ocultos e associados o \u00e1lbum de maior sucesso da cantora e compositora Joyce, que mais tarde passou a se assinar Joyce Moreno, por conta do registro civil de seu casamento com &hellip; <a href=\"https:\/\/www.toque-musicall.com\/?p=5803\">Continue lendo <span class=\"meta-nav\">&rarr;<\/span><\/a><\/p>\n","protected":false},"author":1,"featured_media":0,"comment_status":"open","ping_status":"closed","sticky":false,"template":"","format":"standard","meta":{"footnotes":""},"categories":[950,244],"tags":[],"class_list":["post-5803","post","type-post","status-publish","format-standard","hentry","category-joyce","category-selo-emi-odeon"],"_links":{"self":[{"href":"https:\/\/www.toque-musicall.com\/index.php?rest_route=\/wp\/v2\/posts\/5803","targetHints":{"allow":["GET"]}}],"collection":[{"href":"https:\/\/www.toque-musicall.com\/index.php?rest_route=\/wp\/v2\/posts"}],"about":[{"href":"https:\/\/www.toque-musicall.com\/index.php?rest_route=\/wp\/v2\/types\/post"}],"author":[{"embeddable":true,"href":"https:\/\/www.toque-musicall.com\/index.php?rest_route=\/wp\/v2\/users\/1"}],"replies":[{"embeddable":true,"href":"https:\/\/www.toque-musicall.com\/index.php?rest_route=%2Fwp%2Fv2%2Fcomments&post=5803"}],"version-history":[{"count":1,"href":"https:\/\/www.toque-musicall.com\/index.php?rest_route=\/wp\/v2\/posts\/5803\/revisions"}],"predecessor-version":[{"id":5804,"href":"https:\/\/www.toque-musicall.com\/index.php?rest_route=\/wp\/v2\/posts\/5803\/revisions\/5804"}],"wp:attachment":[{"href":"https:\/\/www.toque-musicall.com\/index.php?rest_route=%2Fwp%2Fv2%2Fmedia&parent=5803"}],"wp:term":[{"taxonomy":"category","embeddable":true,"href":"https:\/\/www.toque-musicall.com\/index.php?rest_route=%2Fwp%2Fv2%2Fcategories&post=5803"},{"taxonomy":"post_tag","embeddable":true,"href":"https:\/\/www.toque-musicall.com\/index.php?rest_route=%2Fwp%2Fv2%2Ftags&post=5803"}],"curies":[{"name":"wp","href":"https:\/\/api.w.org\/{rel}","templated":true}]}}