{"id":5811,"date":"2016-10-19T12:40:23","date_gmt":"2016-10-19T14:40:23","guid":{"rendered":"http:\/\/www.toque-musicall.com\/?p=5811"},"modified":"2016-10-22T12:43:25","modified_gmt":"2016-10-22T14:43:25","slug":"sergio-and-odair-assad-alma-brasileira-1989","status":"publish","type":"post","link":"https:\/\/www.toque-musicall.com\/?p=5811","title":{"rendered":"Sergio And Odair Assad &#8211; Alma Brasileira (1989)"},"content":{"rendered":"<p><img loading=\"lazy\" decoding=\"async\" class=\"aligncenter size-large\" src=\"https:\/\/4.bp.blogspot.com\/-iOxyL_TZmvM\/WAaiKX7HW8I\/AAAAAAAANdg\/OZJfHMN3LJs4rGDNUqFYOeENtWXRuxpKQCLcB\/s640\/capap.JPG\" alt=\"\" width=\"635\" height=\"640\" \/><img loading=\"lazy\" decoding=\"async\" class=\"aligncenter size-large\" src=\"https:\/\/2.bp.blogspot.com\/-P0Jyeg56L9A\/WAaiMdyL7nI\/AAAAAAAANdk\/QOHck9mva3MSmGa8jPOOW2u5_weWiYxDQCLcB\/s640\/contrap.JPG\" alt=\"\" width=\"640\" height=\"640\" \/><\/p>\n<p>\u201cO melhor duo de viol\u00f5es existente, talvez em toda a hist\u00f3ria. Nenhuma antecipa\u00e7\u00e3o poderia ter me preparado para o jeito deles de tocar: flex\u00edvel, ousado, estranhamente un\u00e2nime\u201d. \u00a0Assim escreveu, certa vez, um comentarista do jornal norte-americano \u201cThe Washington Post\u201d, referindo-se aos protagonistas da postagem de hoje do TM: o Duo Assad, formado pelos irm\u00e3os S\u00e9rgio e Odair, cuja fam\u00edlia \u00e9 de origem libanesa. Vindos de escola tradicional do choro, e consagrados internacionalmente, ambos residem no exterior: S\u00e9rgio, em S\u00e3o Francisco, EUA, e Odair, em Bruxelas, capital da B\u00e9lgica. E t\u00eam uma irm\u00e3 mais nova, tamb\u00e9m violonista e cantora, mundialmente consagrada, assim como eles, Badi Assad. O pai, relojoeiro de profiss\u00e3o, adorava tocar. Ganhou um cavaquinho em uma rifa e n\u00e3o sabia o que fazer com ele. A\u00ed, comprou discos, ouviu e tirou de ouvido mais de quatrocentos choros!\u00a0 E foi nesse ambiente que os irm\u00e3os cresceram e come\u00e7aram, bem cedo, a dedilhar seus viol\u00f5es. Mais tarde, S\u00e9rgio e Odair foram estudar viol\u00e3o cl\u00e1ssico com a professora argentina Monina T\u00e1vora. Al\u00e9m de estabelecer novos padr\u00f5es de interpreta\u00e7\u00e3o, os Assad influenciaram vastamente na cria\u00e7\u00e3o e introdu\u00e7\u00e3o de novas m\u00fasicas para dois viol\u00f5es. E essa extraordin\u00e1ria virtuosidade inspirou v\u00e1rios compositores a escrever pe\u00e7as especialmente para os Assad, tais como Astor Piazzolla, Teddy Riley, Radam\u00e9s Gnattali, Francisco Mignone, Marlos Nobre, Edino Krieger&#8230; Al\u00e9m disso, o repert\u00f3rio dos irm\u00e3os Assad \u00e9 formado de arranjos para m\u00fasicas folcl\u00f3ricas, jazz e m\u00fasica latina, e tamb\u00e9m de composi\u00e7\u00f5es pr\u00f3prias. A carreira internacional come\u00e7ou em 1979, em Bratislava, hoje capital da Eslov\u00e1quia, ao vencerem\u00a0 a Young Artists Competition.\u00a0 E at\u00e9 hoje ambos viajam pelo mundo, apresentando cl\u00e1ssicos do viol\u00e3o, n\u00e3o s\u00f3 europeus mas tamb\u00e9m brasileiros, como as obras de Garoto, Villa-Lobos, Egberto Gismonti, Baden Powell, Jo\u00e3o Pernambuco e Dilermando Reis. Uma cativante mistura de estilos, per\u00edodos e culturas. Os Assad t\u00eam trabalhado extensivamente com artistas renomados, tais como Yo-Yo Ma, Paquito D\u2019Rivera, Gidon Kremer, Nadja Salerno Sonnenberg e Dawn Upshaw. Todos os anos, no \u00faltimo final de semana do m\u00eas de julho, a cidade de S\u00e3o Jo\u00e3o da Boa Vista (SP), ber\u00e7o da fam\u00edlia, realiza o Festival Assad, que, al\u00e9m de ser refer\u00eancia de m\u00fasica instrumental da mais alta qualidade, recebendo visitantes de v\u00e1rias partes do mundo, j\u00e1 se tornou tradi\u00e7\u00e3o no calend\u00e1rio cultural do munic\u00edpio. E, claro, contando com a participa\u00e7\u00e3o dos irm\u00e3os Assad. Da vasta e extensa discografia de S\u00e9rgio e Odair Assad (mais de 30 \u00e1lbuns), o TM oferece hoje a seus amigos cultos, ocultos e associados, \u201cAlma brasileira\u201d, selo Nonesuch \/Warner. Gravado na Holanda, em 1987, e lan\u00e7ado no Brasil dois anos mais tarde, possui um repert\u00f3rio de primeir\u00edssima qualidade, assinado por compositores do porte dos que j\u00e1 citamos aqui:\u00a0 Egberto Gismonti (\u201cBai\u00e3o malandro\u201d, \u201cFrevo\u201d), Marlos Nobre (\u201cCantiga de cego\u201d, \u201cCapoeira\u201d \u201cMartelo\u201d, \u201cPraiana\u201d, todas da s\u00e9rie \u201cCiclos nordestinos\u201d), Radam\u00e9s Gnattali (\u201cTocata em ritmo de samba\u201d, \u201cPixinguinha\u201d, esta \u00faltima da s\u00e9rie \u201cRetratos\u201d), al\u00e9m de trabalhos pr\u00f3prios de S\u00e9rgio Assad (\u201cJobiniana n\u00famero 1\u201de, da \u201cSu\u00edte brasileira\u201d, \u201cBai\u00e3o\u201d e \u201cCan\u00e7\u00e3o\u201d). Ainda batem ponto aqui Wagner Tiso (\u201cChoro de m\u00e3e\u201d) e Hermeto Paschoal (\u201cS\u00e9rie de arco\u201d). Um trabalho absolutamente impec\u00e1vel, que o TM orgulha-se em oferecer, e mostra por que S\u00e9rgio e Odair Assad tornaram-se refer\u00eancia un\u00e2nime para os violonistas, criando um padr\u00e3o de inova\u00e7\u00e3o para o viol\u00e3o com geniosidade e express\u00e3o.<\/p>\n<p style=\"text-align: center;\">marlos nobre: cantiga de cego<\/p>\n<p style=\"text-align: center;\">egberto gismonti; bal\u00e3o malandro<\/p>\n<p style=\"text-align: center;\">heitor villa-lobos: a lenda do caboclo<\/p>\n<p style=\"text-align: center;\">s\u00e9rgio assad: jobiniana n. 1<\/p>\n<p style=\"text-align: center;\">marlos nobre: capoeira<\/p>\n<p style=\"text-align: center;\">wagner tiso: choro de m\u00e3e<\/p>\n<p style=\"text-align: center;\">hermeto pascoal: serie de arco<\/p>\n<p style=\"text-align: center;\">radam\u00e9s gnattali: toccata em ritmo de samba<\/p>\n<p style=\"text-align: center;\">heitor villa-lobo: alma brasileira<\/p>\n<p style=\"text-align: center;\">marlos nobre: martelo<\/p>\n<p style=\"text-align: center;\">radam\u00e9s gnattali &#8211; pixinguinha<\/p>\n<p style=\"text-align: center;\">s\u00e9rgio assad: bai\u00e3o<\/p>\n<p style=\"text-align: center;\">marlos nobre: praiana<\/p>\n<p style=\"text-align: center;\">egberto gismonti: frevo<\/p>\n<p style=\"text-align: center;\">s\u00e9rgio assad: can\u00e7\u00e3o<\/p>\n<p>.<\/p>\n<p>*Texto de Samuel Machado Filho<\/p>\n","protected":false},"excerpt":{"rendered":"<p>\u201cO melhor duo de viol\u00f5es existente, talvez em toda a hist\u00f3ria. Nenhuma antecipa\u00e7\u00e3o poderia ter me preparado para o jeito deles de tocar: flex\u00edvel, ousado, estranhamente un\u00e2nime\u201d. \u00a0Assim escreveu, certa vez, um comentarista do jornal norte-americano \u201cThe Washington Post\u201d, referindo-se &hellip; <a href=\"https:\/\/www.toque-musicall.com\/?p=5811\">Continue lendo <span class=\"meta-nav\">&rarr;<\/span><\/a><\/p>\n","protected":false},"author":1,"featured_media":0,"comment_status":"open","ping_status":"closed","sticky":false,"template":"","format":"standard","meta":{"footnotes":""},"categories":[2795,2544],"tags":[],"class_list":["post-5811","post","type-post","status-publish","format-standard","hentry","category-duo-assad","category-selo-nonesuch"],"_links":{"self":[{"href":"https:\/\/www.toque-musicall.com\/index.php?rest_route=\/wp\/v2\/posts\/5811","targetHints":{"allow":["GET"]}}],"collection":[{"href":"https:\/\/www.toque-musicall.com\/index.php?rest_route=\/wp\/v2\/posts"}],"about":[{"href":"https:\/\/www.toque-musicall.com\/index.php?rest_route=\/wp\/v2\/types\/post"}],"author":[{"embeddable":true,"href":"https:\/\/www.toque-musicall.com\/index.php?rest_route=\/wp\/v2\/users\/1"}],"replies":[{"embeddable":true,"href":"https:\/\/www.toque-musicall.com\/index.php?rest_route=%2Fwp%2Fv2%2Fcomments&post=5811"}],"version-history":[{"count":1,"href":"https:\/\/www.toque-musicall.com\/index.php?rest_route=\/wp\/v2\/posts\/5811\/revisions"}],"predecessor-version":[{"id":5812,"href":"https:\/\/www.toque-musicall.com\/index.php?rest_route=\/wp\/v2\/posts\/5811\/revisions\/5812"}],"wp:attachment":[{"href":"https:\/\/www.toque-musicall.com\/index.php?rest_route=%2Fwp%2Fv2%2Fmedia&parent=5811"}],"wp:term":[{"taxonomy":"category","embeddable":true,"href":"https:\/\/www.toque-musicall.com\/index.php?rest_route=%2Fwp%2Fv2%2Fcategories&post=5811"},{"taxonomy":"post_tag","embeddable":true,"href":"https:\/\/www.toque-musicall.com\/index.php?rest_route=%2Fwp%2Fv2%2Ftags&post=5811"}],"curies":[{"name":"wp","href":"https:\/\/api.w.org\/{rel}","templated":true}]}}