{"id":582,"date":"2011-01-11T10:04:00","date_gmt":"2011-01-11T10:04:00","guid":{"rendered":"http:\/\/www.toque-musicall.com\/?p=582"},"modified":"2011-01-11T10:04:00","modified_gmt":"2011-01-11T10:04:00","slug":"trio-irakitan-os-boleros-que-gostamos-de-cantar-1960","status":"publish","type":"post","link":"https:\/\/www.toque-musicall.com\/?p=582","title":{"rendered":"Trio Irakitan &#8211; Os Boleros Que Gostamos De Cantar (1960)"},"content":{"rendered":"<p><a href=\"http:\/\/2.bp.blogspot.com\/_DSKVEvHtskc\/TSwreTmG9qI\/AAAAAAAAHjc\/3toF6fX4ymI\/s1600\/trio+irakitan+P.JPG\"><img decoding=\"async\" style=\"TEXT-ALIGN: center; MARGIN: 0px auto 10px; WIDTH: 400px; DISPLAY: block; HEIGHT: 399px; CURSOR: hand\" id=\"BLOGGER_PHOTO_ID_5560867439551903394\" border=\"0\" alt=\"\" src=\"http:\/\/2.bp.blogspot.com\/_DSKVEvHtskc\/TSwreTmG9qI\/AAAAAAAAHjc\/3toF6fX4ymI\/s400\/trio+irakitan+P.JPG\" \/><\/a> Bom dia a todos! Hoje eu acordei um pouco mais nost\u00e1lgico que de costume. Fiquei lembrando dos meus tempos de crian\u00e7a, na casa de meus primos mais velhos. Me lembro da radiola Philips com compartimento para os lps. Haviam sempre aqueles mesmos discos, uma d\u00fazia ou mais, que a gente ouvia sem parar. Entre esses, me lembro bem do Trio Irakitan e os primeiros do Roberto Carlos, eram os preferidos da casa. Acho interessante lembrar disso, pois eu fui criado vivendo nas casas de tios, tanto por parte de m\u00e3e como de pai. Em todos os dois ambientes sempre existiu muita m\u00fasica e discos, principalmente. Acho que o meu gosto musical \u00e9 bem variado, muito por conta dessa &#8216;base&#8217;. Por um lado, o da minha m\u00e3e, haviam os artistas populares, a Jovem Guarda e os mais antigos das d\u00e9cadas de 40 e 50. Do lado do meu pai, a fam\u00edlia era mais ligada \u00e0 Bossa Nova, ao rock, jazz, blues e tamb\u00e9m os eruditos. Da\u00ed, deu no que deu&#8230; hehehe&#8230;<br \/>Pois \u00e9, foi lembrando disso que eu fiquei motivado a postar aqui este disco do Trio Irakitan. Este era um dos \u00e1lbuns preferidos daquela turminha, que hoje est\u00e1 por volta dos sessenta e tal&#8230; \u00cata tempo b\u00e3o! Eu era feliz e n\u00e3o sabia. Hoje eu sou muito mais \ud83d\ude42 porque tenho guardado essas lembran\u00e7as comigo.<br \/>Este \u00e1lbum, eu bem sei, n\u00e3o \u00e9 novidade nos outros blogs musicais e talvez n\u00e3o seja para muitos de voc\u00eas. Mesmo assim eu insisto, n\u00e3o apenas pelo meu desejo saudosista, mas por ser realmente um \u00e1lbum que merece o nosso toque musical. Aqui vamos encontrar doze boleros cl\u00e1ssicos em vers\u00f5es para o portugu\u00eas e numa interpreta\u00e7\u00e3o que n\u00e3o deixa nada a desejar. Confiram!<\/p>\n<div align=\"center\">t\u00e3o somente uma vez<\/div>\n<div align=\"center\">santa<\/div>\n<div align=\"center\">perf\u00eddia<\/div>\n<div align=\"center\">aqueles olhos verdes<\/div>\n<div align=\"center\">desesperadamente<\/div>\n<div align=\"center\">sonhando contigo<\/div>\n<div align=\"center\">tr\u00eas palavras<\/div>\n<div align=\"center\">prisioneiros do mar<\/div>\n<div align=\"center\">frenesi<\/div>\n<div align=\"center\">tudo foi ilus\u00e3o<\/div>\n<div align=\"center\">queira me muito<\/div>\n<div align=\"center\">talvez, talvez, talvez&#8230;<\/div>\n<div align=\"center\"> <\/div>\n<div align=\"center\"> <\/div>\n","protected":false},"excerpt":{"rendered":"<p>Bom dia a todos! Hoje eu acordei um pouco mais nost\u00e1lgico que de costume. Fiquei lembrando dos meus tempos de crian\u00e7a, na casa de meus primos mais velhos. Me lembro da radiola Philips com compartimento para os lps. Haviam sempre &hellip; <a href=\"https:\/\/www.toque-musicall.com\/?p=582\">Continue lendo <span class=\"meta-nav\">&rarr;<\/span><\/a><\/p>\n","protected":false},"author":1,"featured_media":0,"comment_status":"open","ping_status":"closed","sticky":false,"template":"","format":"standard","meta":{"footnotes":""},"categories":[333],"tags":[],"class_list":["post-582","post","type-post","status-publish","format-standard","hentry","category-trio-irakitan"],"_links":{"self":[{"href":"https:\/\/www.toque-musicall.com\/index.php?rest_route=\/wp\/v2\/posts\/582","targetHints":{"allow":["GET"]}}],"collection":[{"href":"https:\/\/www.toque-musicall.com\/index.php?rest_route=\/wp\/v2\/posts"}],"about":[{"href":"https:\/\/www.toque-musicall.com\/index.php?rest_route=\/wp\/v2\/types\/post"}],"author":[{"embeddable":true,"href":"https:\/\/www.toque-musicall.com\/index.php?rest_route=\/wp\/v2\/users\/1"}],"replies":[{"embeddable":true,"href":"https:\/\/www.toque-musicall.com\/index.php?rest_route=%2Fwp%2Fv2%2Fcomments&post=582"}],"version-history":[{"count":0,"href":"https:\/\/www.toque-musicall.com\/index.php?rest_route=\/wp\/v2\/posts\/582\/revisions"}],"wp:attachment":[{"href":"https:\/\/www.toque-musicall.com\/index.php?rest_route=%2Fwp%2Fv2%2Fmedia&parent=582"}],"wp:term":[{"taxonomy":"category","embeddable":true,"href":"https:\/\/www.toque-musicall.com\/index.php?rest_route=%2Fwp%2Fv2%2Fcategories&post=582"},{"taxonomy":"post_tag","embeddable":true,"href":"https:\/\/www.toque-musicall.com\/index.php?rest_route=%2Fwp%2Fv2%2Ftags&post=582"}],"curies":[{"name":"wp","href":"https:\/\/api.w.org\/{rel}","templated":true}]}}