{"id":5820,"date":"2016-10-25T10:42:35","date_gmt":"2016-10-25T12:42:35","guid":{"rendered":"http:\/\/www.toque-musicall.com\/?p=5820"},"modified":"2016-10-28T10:45:19","modified_gmt":"2016-10-28T12:45:19","slug":"ilder-miranda-nesse-estado-de-coisas-1981","status":"publish","type":"post","link":"https:\/\/www.toque-musicall.com\/?p=5820","title":{"rendered":"Ilder Miranda &#8211; Nesse Estado De Coisas (1981)"},"content":{"rendered":"<p><img loading=\"lazy\" decoding=\"async\" class=\"aligncenter size-large\" src=\"https:\/\/2.bp.blogspot.com\/-JP9xuLsZeEY\/WBNAKRQ8K6I\/AAAAAAAANfI\/pSXS3SRRvHgWlbtOF7KKmlTjiyZEvxnaACLcB\/s640\/frente.JPG\" alt=\"\" width=\"633\" height=\"640\" \/><img loading=\"lazy\" decoding=\"async\" class=\"aligncenter size-large\" src=\"https:\/\/3.bp.blogspot.com\/-I7dtW7kTcjc\/WBNALDlaXeI\/AAAAAAAANfM\/P42Fu_iP5gEkyuWgp0hsUXGgQ5Quq1BAgCLcB\/s640\/vrso.JPG\" alt=\"\" width=\"635\" height=\"640\" \/><\/p>\n<p>Ol\u00e1, amigos cultos, ocultos e associados! Conforme j\u00e1 disse William Shakespeare, \u201cexistem mais mist\u00e9rios entre o c\u00e9u e a terra do que possa imaginar a nossa v\u00e3 filosofia\u201d. Sem contar as inc\u00f3gnitas, que vez por outra nos chegam. \u00c9 o caso do \u00e1lbum que o TM oferece hoje, \u201cNesse estado de coisas\u201d, ao que parece o \u00fanico trabalho de Ilder Miranda. O LP saiu em 1981 com o selo M\u00e3os e Meios, numa \u00e9poca em que se registrou um verdadeiro \u201cboom\u201d de lan\u00e7amentos discogr\u00e1ficos independentes, a partir do sucesso do primeiro \u00e1lbum do grupo Boca Livre, editado justamente nesse esquema. \u00c9 um trabalho at\u00e9 caprichado, tanto t\u00e9cnica quanto graficamente, gravado em S\u00e3o Paulo no est\u00fadio Vice Versa, na \u00e9poca um dos melhores do Brasil. Comp\u00f5e-se de doze faixas, todas de autoria do pr\u00f3prio Ilder. Em todas as m\u00fasicas, percebe-se um olhar cr\u00edtico do cantor-compositor ao panorama do mundo contempor\u00e2neo, com todas as suas mazelas, tais como viol\u00eancia e degrada\u00e7\u00e3o do meio-ambiente. Ouvindo-se este trabalho, pode se concluir que o mesmo continua atual\u00edssimo, apesar de decorridos mais de 35 anos de sua realiza\u00e7\u00e3o. Agora:\u00a0 o \u00fanico problema \u00e9 que n\u00e3o encontrei nenhuma informa\u00e7\u00e3o biogr\u00e1fica a respeito de Ilder Miranda. O que se pode afirmar com certeza \u00e9 que, hoje, este disco pertence ao cat\u00e1logo\u00a0 da Sonhos &amp; Sons, a maior distribuidora de artistas independentes de Minas Gerais, pertencente ao compositor, m\u00fasico e produtor Marcus Vianna, mais conhecido pela m\u00fasica-tema da novela \u201cPantanal\u201d, sucesso da extinta Rede Manchete em 1990, e mais tarde reprisada pelo SBT. No site da Sonhos &amp; Sons, o artista \u00e9 identificado por seu nome completo, Ilder Miranda Costa. O mesmo de um advogado devidamente registrado na OAB mineira, que tem at\u00e9 livros jur\u00eddicos publicados. Seria ele? Pois aqui vai um lembrete a nossos amigos cultos, ocultos e associados: quem tiver informa\u00e7\u00f5es mais detalhadas a respeito deste nosso Ilder Miranda, favor escrever para: <a href=\"mailto:toquelinkmusical@gmail.com\">toquelinkmusical@gmail.com<\/a>. Eu e o Augusto agradecemos desde j\u00e1 a quem puder decifrar este enigma&#8230;<\/p>\n<p style=\"text-align: center;\">madrugada paulista<\/p>\n<p style=\"text-align: center;\">a porta do cabar\u00e9<\/p>\n<p style=\"text-align: center;\">ciranda<\/p>\n<p style=\"text-align: center;\">carta pra minas inteira<\/p>\n<p style=\"text-align: center;\">a volta da filha presa<\/p>\n<p style=\"text-align: center;\">porque qui oce num pode aguentar<\/p>\n<p style=\"text-align: center;\">pena apenas<\/p>\n<p style=\"text-align: center;\">cala a boca<\/p>\n<p style=\"text-align: center;\">iara<\/p>\n<p style=\"text-align: center;\">preso por dentro de nada vale o teu gritar<\/p>\n<p style=\"text-align: center;\">r-evolu\u00e7\u00e3o<\/p>\n<p style=\"text-align: center;\">quase louca<\/p>\n<p>*Texto de Samuel Machado Filho<\/p>\n","protected":false},"excerpt":{"rendered":"<p>Ol\u00e1, amigos cultos, ocultos e associados! Conforme j\u00e1 disse William Shakespeare, \u201cexistem mais mist\u00e9rios entre o c\u00e9u e a terra do que possa imaginar a nossa v\u00e3 filosofia\u201d. Sem contar as inc\u00f3gnitas, que vez por outra nos chegam. \u00c9 o &hellip; <a href=\"https:\/\/www.toque-musicall.com\/?p=5820\">Continue lendo <span class=\"meta-nav\">&rarr;<\/span><\/a><\/p>\n","protected":false},"author":1,"featured_media":0,"comment_status":"open","ping_status":"closed","sticky":false,"template":"","format":"standard","meta":{"footnotes":""},"categories":[2798,25],"tags":[],"class_list":["post-5820","post","type-post","status-publish","format-standard","hentry","category-ilder-miranda","category-selo-independente"],"_links":{"self":[{"href":"https:\/\/www.toque-musicall.com\/index.php?rest_route=\/wp\/v2\/posts\/5820","targetHints":{"allow":["GET"]}}],"collection":[{"href":"https:\/\/www.toque-musicall.com\/index.php?rest_route=\/wp\/v2\/posts"}],"about":[{"href":"https:\/\/www.toque-musicall.com\/index.php?rest_route=\/wp\/v2\/types\/post"}],"author":[{"embeddable":true,"href":"https:\/\/www.toque-musicall.com\/index.php?rest_route=\/wp\/v2\/users\/1"}],"replies":[{"embeddable":true,"href":"https:\/\/www.toque-musicall.com\/index.php?rest_route=%2Fwp%2Fv2%2Fcomments&post=5820"}],"version-history":[{"count":1,"href":"https:\/\/www.toque-musicall.com\/index.php?rest_route=\/wp\/v2\/posts\/5820\/revisions"}],"predecessor-version":[{"id":5821,"href":"https:\/\/www.toque-musicall.com\/index.php?rest_route=\/wp\/v2\/posts\/5820\/revisions\/5821"}],"wp:attachment":[{"href":"https:\/\/www.toque-musicall.com\/index.php?rest_route=%2Fwp%2Fv2%2Fmedia&parent=5820"}],"wp:term":[{"taxonomy":"category","embeddable":true,"href":"https:\/\/www.toque-musicall.com\/index.php?rest_route=%2Fwp%2Fv2%2Fcategories&post=5820"},{"taxonomy":"post_tag","embeddable":true,"href":"https:\/\/www.toque-musicall.com\/index.php?rest_route=%2Fwp%2Fv2%2Ftags&post=5820"}],"curies":[{"name":"wp","href":"https:\/\/api.w.org\/{rel}","templated":true}]}}