{"id":5822,"date":"2016-10-26T11:49:43","date_gmt":"2016-10-26T13:49:43","guid":{"rendered":"http:\/\/www.toque-musicall.com\/?p=5822"},"modified":"2016-10-28T11:53:01","modified_gmt":"2016-10-28T13:53:01","slug":"minas-1717-1977-regiao-do-rio-das-mortes-1977","status":"publish","type":"post","link":"https:\/\/www.toque-musicall.com\/?p=5822","title":{"rendered":"Minas 1717-1977 &#8211; Regi\u00e3o Do Rio Das Mortes (1977)"},"content":{"rendered":"<p><img loading=\"lazy\" decoding=\"async\" class=\"aligncenter size-large\" src=\"https:\/\/2.bp.blogspot.com\/-ZQbVL05eORQ\/WBNTHKXqg3I\/AAAAAAAANfg\/kdn3mi0somIRhWNMeVnJz8jZZVFMSsPCQCLcB\/s640\/capa.JPG\" alt=\"\" width=\"636\" height=\"640\" \/><img loading=\"lazy\" decoding=\"async\" class=\"aligncenter size-large\" src=\"https:\/\/1.bp.blogspot.com\/-u2uOQhTeeA8\/WBNTG8M2_oI\/AAAAAAAANfc\/EQFLJPuS3R8eDiKAaLrBgwgOP-8U9dN7ACLcB\/s640\/contrap.JPG\" alt=\"\" width=\"640\" height=\"633\" \/><\/p>\n<p>Com o prazer e a satisfa\u00e7\u00e3o de sempre, o Toque Musical oferece hoje a seus amigos cultos, ocultos e associados, parcela significativa da m\u00fasica sacra brasileira. E trata-se de um \u00e1lbum da Som Livre, bra\u00e7o fonogr\u00e1fico do Grupo Globo, que sempre especializou-se em produtos de forte apelo comercial, como trilhas de novelas e compila\u00e7\u00f5es. Uma louv\u00e1vel \u201cousadia\u201d que resultou de uma iniciativa cultural da TV Globo de Belo Horizonte, aliada ao extinto Banco Nacional (\u201co banco do guarda-chuva\u201d). \u00c9 na regi\u00e3o do Rio das Mortes (MG) que a m\u00fasica sacra do Brasil tem seu ponto forte. Ali, mais do que em qualquer lugar de nosso territ\u00f3rio, a m\u00fasica desempenha o papel\u00a0 para a qual foi composta, n\u00e3o sendo mera pe\u00e7a de concerto. As orquestras e bandas s\u00e3o tradi\u00e7\u00f5es fortemente enraizadas no povo daquela regi\u00e3o. O presente \u00e1lbum foi gravado em igrejas de Tiradentes e S\u00e3o Jo\u00e3o Del Rei, sendo desta \u00faltima cidade as orquestras Lira Sanjoanense e Ribeiro Bastos, ambas bicenten\u00e1rias, que juntas mant\u00e9m a tradi\u00e7\u00e3o sacro-musical do munic\u00edpio. Os visitantes e moradores de S\u00e3o Jo\u00e3o Del Rei se deparam com essas orquestras no seu cotidiano, nas missas de segunda a segunda, executando sempre pe\u00e7as do repert\u00f3rio sacro-colonial. \u00a0Neste trabalho, s\u00e3o apresentadas nove expressivas pe\u00e7as sacro-coloniais. Essas e outras orquestras, como a Ramalho e a Lira Ceciliana de Prados, ainda hoje mant\u00eam viva a tradi\u00e7\u00e3o sacro-musical da regi\u00e3o do Rio das Mortes. A instala\u00e7\u00e3o de uma faculdade de m\u00fasica em S\u00e3o Jo\u00e3o Del Rei resultou em consider\u00e1vel melhora no padr\u00e3o t\u00e9cnico das execu\u00e7\u00f5es desses grupos, mas ainda prevalecem, no dia-a-dia do munic\u00edpio, aqueles que zelam pelo amor \u00e0 arte e pela tradi\u00e7\u00e3o, mantendo o car\u00e1ter n\u00e3o profissional. A realidade t\u00e9cnica desses grupos mudou muito da \u00e9poca da grava\u00e7\u00e3o deste nosso \u00e1lbum para os dias atuais, at\u00e9 mesmo para melhor. Mas, ainda assim, vale a pena ouvir o disco. Deliciem-se com as pe\u00e7as sacras nele inclu\u00eddas, fechem os olhos e imaginem-se numa das igrejas barrocas da regi\u00e3o do Rio das Mortes, cheias de riquezas, de ouro&#8230; e, principalmente, cultura!<\/p>\n<p style=\"text-align: center;\">applaudatur<\/p>\n<p style=\"text-align: center;\">maria mater gratiae<\/p>\n<p style=\"text-align: center;\">laudamus<\/p>\n<p style=\"text-align: center;\">assumpta est<\/p>\n<p style=\"text-align: center;\">exaltata est<\/p>\n<p style=\"text-align: center;\">primeira jaculat\u00f3ria de s. francisco de assis<\/p>\n<p style=\"text-align: center;\">segunda jaculat\u00f3ria de s. francisco de assis<\/p>\n<p style=\"text-align: center;\">missa de s\u00e3o benedito<\/p>\n<p style=\"text-align: center;\">domenica palmarum<\/p>\n<p>*Texto de Samuel Machado Filho<\/p>\n","protected":false},"excerpt":{"rendered":"<p>Com o prazer e a satisfa\u00e7\u00e3o de sempre, o Toque Musical oferece hoje a seus amigos cultos, ocultos e associados, parcela significativa da m\u00fasica sacra brasileira. E trata-se de um \u00e1lbum da Som Livre, bra\u00e7o fonogr\u00e1fico do Grupo Globo, que &hellip; <a href=\"https:\/\/www.toque-musicall.com\/?p=5822\">Continue lendo <span class=\"meta-nav\">&rarr;<\/span><\/a><\/p>\n","protected":false},"author":1,"featured_media":0,"comment_status":"open","ping_status":"closed","sticky":false,"template":"","format":"standard","meta":{"footnotes":""},"categories":[2799,66],"tags":[],"class_list":["post-5822","post","type-post","status-publish","format-standard","hentry","category-minas-1717-1977","category-selo-som-livre"],"_links":{"self":[{"href":"https:\/\/www.toque-musicall.com\/index.php?rest_route=\/wp\/v2\/posts\/5822","targetHints":{"allow":["GET"]}}],"collection":[{"href":"https:\/\/www.toque-musicall.com\/index.php?rest_route=\/wp\/v2\/posts"}],"about":[{"href":"https:\/\/www.toque-musicall.com\/index.php?rest_route=\/wp\/v2\/types\/post"}],"author":[{"embeddable":true,"href":"https:\/\/www.toque-musicall.com\/index.php?rest_route=\/wp\/v2\/users\/1"}],"replies":[{"embeddable":true,"href":"https:\/\/www.toque-musicall.com\/index.php?rest_route=%2Fwp%2Fv2%2Fcomments&post=5822"}],"version-history":[{"count":1,"href":"https:\/\/www.toque-musicall.com\/index.php?rest_route=\/wp\/v2\/posts\/5822\/revisions"}],"predecessor-version":[{"id":5823,"href":"https:\/\/www.toque-musicall.com\/index.php?rest_route=\/wp\/v2\/posts\/5822\/revisions\/5823"}],"wp:attachment":[{"href":"https:\/\/www.toque-musicall.com\/index.php?rest_route=%2Fwp%2Fv2%2Fmedia&parent=5822"}],"wp:term":[{"taxonomy":"category","embeddable":true,"href":"https:\/\/www.toque-musicall.com\/index.php?rest_route=%2Fwp%2Fv2%2Fcategories&post=5822"},{"taxonomy":"post_tag","embeddable":true,"href":"https:\/\/www.toque-musicall.com\/index.php?rest_route=%2Fwp%2Fv2%2Ftags&post=5822"}],"curies":[{"name":"wp","href":"https:\/\/api.w.org\/{rel}","templated":true}]}}