{"id":5828,"date":"2016-10-31T23:29:16","date_gmt":"2016-11-01T01:29:16","guid":{"rendered":"http:\/\/www.toque-musicall.com\/?p=5828"},"modified":"2016-11-02T23:33:59","modified_gmt":"2016-11-03T01:33:59","slug":"assis-brasil-quarteto-self-portrait-1988","status":"publish","type":"post","link":"https:\/\/www.toque-musicall.com\/?p=5828","title":{"rendered":"Assis Brasil Quarteto &#8211; Self Portrait (1988)"},"content":{"rendered":"<p><img loading=\"lazy\" decoding=\"async\" class=\"aligncenter size-large\" src=\"https:\/\/4.bp.blogspot.com\/-5IfnJcdZRMA\/WBqRBCdWY_I\/AAAAAAAANgc\/srI-PMYGt4kp1HwCx3_E5VS16iPoqMvYQCLcB\/s640\/capap.JPG\" alt=\"\" width=\"637\" height=\"640\" \/><img loading=\"lazy\" decoding=\"async\" class=\"aligncenter size-large\" src=\"https:\/\/3.bp.blogspot.com\/-OIR2y4etqPU\/WBqRBjVW7AI\/AAAAAAAANgg\/kCHsTmueZWoEuQDDfKdA-897b4k8nYE1QCLcB\/s640\/contrap.JPG\" alt=\"\" width=\"636\" height=\"640\" \/><\/p>\n<p>Irm\u00e3o g\u00eameo do saxofonista Victor Assis Brasil, o pianista e professor Jo\u00e3o Carlos Miranda de Assis Brasil nasceu em 28 de agosto de 1945, no Rio de Janeiro.\u00a0 Sua forma\u00e7\u00e3o musical iniciou-se no Conservat\u00f3rio Brasileiro de M\u00fasica, onde, al\u00e9m de piano, estudou\u00a0 harmonia e teoria musical, tendo recebido, aos dez anos de idade, o primeiro pr\u00eamio em concurso promovido pela institui\u00e7\u00e3o de ensino. Em 1960, prosseguiria seus estudos, com o renomado concertista Jacques Klein e, dois anos mais tarde, venceu o Concurso Nacional de Piano da Bahia. Em 1964, viajou para Paris, a capital francesa, onde estudou com Pierre Sancan. Em 1965, classificou-se em terceiro lugar no Concurso Internacional Beethoven, realizado em Viena, \u00c1ustria, disputando com mais de 60 candidatos, e ali aprimorou seus estudos com Richard Hauser e Dieter Weber. Tamb\u00e9m atuou como solista na Orquestra Filarm\u00f4nica de Viena. Em 1966, apresentou-se em Londres (Wigmore Hall), Mil\u00e3o (no audit\u00f3rio da fam\u00edlia Meneghine), Belgrado (no teatro local) e tamb\u00e9m em Viena (no Brahmsaal). Estudou em Londres com Ilona Kabos, em 1970, e cinco anos depois, apresentou-se em Washington, na Universidade Cat\u00f3lica. Nos anos 1980, formou o Jo\u00e3o Carlos Brasil Trio, ao lado do baixista Zeca Assump\u00e7\u00e3o e do baterista Cl\u00e1udio Carib\u00e9, que passou a quinteto com a entrada do violoncelista David Chew e do saxofonista Idriss Boudrioua. O grupo apresentou-se em v\u00e1rios concertos e, nessa \u00e9poca, Jo\u00e3o Carlos ainda atuou como professor do Conservat\u00f3rio Brasileiro de M\u00fasica e, durante cinco anos, como professor e diretor da Faculdade de M\u00fasica da Universidade\u00a0 Est\u00e1cio de S\u00e1, tamb\u00e9m do Rio de Janeiro. Possui uma discografia de doze \u00e1lbuns, inclusive com ilustres parceiras, como a cantora Ol\u00edvia Byington e a tamb\u00e9m pianista Clara Sverner. A morte prematura de Victor Assis Brasil, em 1981, afastou os irm\u00e3os do conv\u00edvio, mas Jo\u00e3o encontrou justamente na m\u00fasica o meio sublime que encontrou para manter viva a mem\u00f3ria de Victor. O que resultou no belo \u00e1lbum que o TM oferece hoje a seus amigos cultos, ocultos e associados, gravado em 1988 e lan\u00e7ado com o selo Kuarup (houve reedi\u00e7\u00e3o em CD, pela Biscoito Fino). \u00a0Seu t\u00edtulo, \u201cSelf portrait\u201d (auto-retrato, em portugu\u00eas), j\u00e1 sugere tratar-se de um disco autobiogr\u00e1fico.\u00a0 S\u00e3o treze m\u00fasicas de Victor Assis Brasil executadas pelo piano de Jo\u00e3o, com o apoio de Paulo S\u00e9rgio Santos (clarinete e saxofone), Zeca Assump\u00e7\u00e3o (baixo) e Jurim Moreira (bateria). A sele\u00e7\u00e3o foi feita a partir de 400 composi\u00e7\u00f5es in\u00e9ditas, a maior parte escritas durante o ver\u00e3o carioca de 1972\/73, em tr\u00eas cadernos, encontrados em um ba\u00fa herdado da m\u00e3e de Victor e Jo\u00e3o Carlos, dona Elba. Segundo o pr\u00f3prio Jo\u00e3o Carlos Assis Brasil, a inten\u00e7\u00e3o foi a de apresentar um panorama da obra de Victor, muito ligado \u00e1 imagem de m\u00fasico jazzista, mas o disco permite lan\u00e7ar nova luz sobre sua produ\u00e7\u00e3o, oferecendo uma vis\u00e3o mais abrangente, mostrando como a m\u00fasica cl\u00e1ssica contempor\u00e2nea foi tamb\u00e9m fonte recorrente de inspira\u00e7\u00e3o e, sobretudo, como Victor\u00a0 buscou criar a partir de temas e ritmos brasileiros. \u201cSelf portrait\u201d (a faixa-t\u00edtulo), \u201cOne for Bill\u201d (homenagem ao pianista Bill Evans) e \u201cBlues for Oliver\u201d (tributo ao norte-americano Oliver Nelson) t\u00eam clara inspira\u00e7\u00e3o no jazz, \u201cSamba sem nome\u201d \u00e9 embebida de Brasil, e \u201cAlmendrix\u201d traz refer\u00eancias \u00e0 m\u00fasica latina. Por sua vez, as incurs\u00f5es de Victor pelo g\u00eanero erudito est\u00e3o presentes em \u201cJazz sonata for piano\u201d, com toques jazz\u00edsticos, \u201cFast\/slow\/fast\u201d e \u201cModerato valsa\u201d.\u00a0 Assim \u00e9 o \u00e1lbum que o TM orgulha-se em nos oferecer hoje: a obra de um compositor\u00a0 diverso e pouco conhecido, interpretada pelo sentimento de um irm\u00e3o saudoso. \u00c9 s\u00f3 conferir.<\/p>\n<p style=\"text-align: center;\">blues for oliver<\/p>\n<p style=\"text-align: center;\">samba sem nome<\/p>\n<p style=\"text-align: center;\">self portrait<\/p>\n<p style=\"text-align: center;\">one for bill<\/p>\n<p style=\"text-align: center;\">blues<\/p>\n<p style=\"text-align: center;\">almendrix<\/p>\n<p style=\"text-align: center;\">choral n.1<\/p>\n<p style=\"text-align: center;\">moderato valsa<\/p>\n<p style=\"text-align: center;\">motif for piano &#8211; scattered clouds31<\/p>\n<p style=\"text-align: center;\">elba<\/p>\n<p style=\"text-align: center;\">jazz sonata for piano<\/p>\n<p style=\"text-align: center;\">fast slow fast<\/p>\n<p>*Texto de Samuel Machado Filho<\/p>\n","protected":false},"excerpt":{"rendered":"<p>Irm\u00e3o g\u00eameo do saxofonista Victor Assis Brasil, o pianista e professor Jo\u00e3o Carlos Miranda de Assis Brasil nasceu em 28 de agosto de 1945, no Rio de Janeiro.\u00a0 Sua forma\u00e7\u00e3o musical iniciou-se no Conservat\u00f3rio Brasileiro de M\u00fasica, onde, al\u00e9m de &hellip; <a href=\"https:\/\/www.toque-musicall.com\/?p=5828\">Continue lendo <span class=\"meta-nav\">&rarr;<\/span><\/a><\/p>\n","protected":false},"author":1,"featured_media":0,"comment_status":"open","ping_status":"closed","sticky":false,"template":"","format":"standard","meta":{"footnotes":""},"categories":[2173,121],"tags":[],"class_list":["post-5828","post","type-post","status-publish","format-standard","hentry","category-joao-carlos-assis-brasil","category-selo-kuarup"],"_links":{"self":[{"href":"https:\/\/www.toque-musicall.com\/index.php?rest_route=\/wp\/v2\/posts\/5828","targetHints":{"allow":["GET"]}}],"collection":[{"href":"https:\/\/www.toque-musicall.com\/index.php?rest_route=\/wp\/v2\/posts"}],"about":[{"href":"https:\/\/www.toque-musicall.com\/index.php?rest_route=\/wp\/v2\/types\/post"}],"author":[{"embeddable":true,"href":"https:\/\/www.toque-musicall.com\/index.php?rest_route=\/wp\/v2\/users\/1"}],"replies":[{"embeddable":true,"href":"https:\/\/www.toque-musicall.com\/index.php?rest_route=%2Fwp%2Fv2%2Fcomments&post=5828"}],"version-history":[{"count":1,"href":"https:\/\/www.toque-musicall.com\/index.php?rest_route=\/wp\/v2\/posts\/5828\/revisions"}],"predecessor-version":[{"id":5829,"href":"https:\/\/www.toque-musicall.com\/index.php?rest_route=\/wp\/v2\/posts\/5828\/revisions\/5829"}],"wp:attachment":[{"href":"https:\/\/www.toque-musicall.com\/index.php?rest_route=%2Fwp%2Fv2%2Fmedia&parent=5828"}],"wp:term":[{"taxonomy":"category","embeddable":true,"href":"https:\/\/www.toque-musicall.com\/index.php?rest_route=%2Fwp%2Fv2%2Fcategories&post=5828"},{"taxonomy":"post_tag","embeddable":true,"href":"https:\/\/www.toque-musicall.com\/index.php?rest_route=%2Fwp%2Fv2%2Ftags&post=5828"}],"curies":[{"name":"wp","href":"https:\/\/api.w.org\/{rel}","templated":true}]}}