{"id":5849,"date":"2016-11-08T09:04:37","date_gmt":"2016-11-08T11:04:37","guid":{"rendered":"http:\/\/www.toque-musicall.com\/?p=5849"},"modified":"2016-11-16T09:10:35","modified_gmt":"2016-11-16T11:10:35","slug":"som-brasileiro-1975","status":"publish","type":"post","link":"https:\/\/www.toque-musicall.com\/?p=5849","title":{"rendered":"Som Brasileiro (1975)"},"content":{"rendered":"<p><img loading=\"lazy\" decoding=\"async\" class=\"aligncenter size-large\" src=\"https:\/\/4.bp.blogspot.com\/-eBPbLmsKMZg\/WCw4bqhF_dI\/AAAAAAAANio\/lDH0t4KXlD8ai29YNwENFAdyb3RkReL9QCLcB\/s640\/capap.JPG\" alt=\"\" width=\"639\" height=\"640\" \/><img loading=\"lazy\" decoding=\"async\" class=\"aligncenter size-large\" src=\"https:\/\/4.bp.blogspot.com\/-c-Di7jPA2Sk\/WCw4biiAMvI\/AAAAAAAANik\/BPUj3Ep62Nwsx6VwOOdr6C1v8FpsDhm4wCLcB\/s640\/contrap.JPG\" alt=\"\" width=\"639\" height=\"640\" \/><\/p>\n<p>\u00c9 com a satisfa\u00e7\u00e3o de sempre que o Toque Musical oferece hoje, a seus amigos cultos, ocultos e associados, mais uma colet\u00e2nea apresentando MPB da melhor qualidade. Trata-se de \u201cSom brasileiro\u201d, editada em 1975 pela Odeon (depois EMI, hoje Universal Music), reunindo alguns dos ent\u00e3o contratados da \u201cmarca do templo\u201d em dez faixas marcantes e bastante expressivas. Uma sele\u00e7\u00e3o de primeira, conforme voc\u00eas poder\u00e3o constatar. O \u00e1lbum j\u00e1 come\u00e7a arrebentando, com o grande M\u00edlton Nascimento e seu eterno cl\u00e1ssico \u201cTravessia\u201d, que o projetou nacionalmente em 1967 e aqui, em registro feito, ao que parece, especialmente para esta compila\u00e7\u00e3o. O grande Bituca ainda comparece com outra de suas inesquec\u00edveis cria\u00e7\u00f5es, \u201cSan Vicente\u201d, lan\u00e7ada em 1972 no hist\u00f3rico \u00e1lbum duplo \u201cClube da Esquina\u201d. Outro \u201ccobra\u201d de nossa m\u00fasica, Marcos Valle, aqui nos traz \u201cRem\u00e9dio pro cora\u00e7\u00e3o\u201d, de sua longa e prof\u00edcua parceria com o irm\u00e3o Paulo S\u00e9rgio, extra\u00edda de seu \u00e1lbum de 1974. O cl\u00e1ssico \u201cPrimavera\u201d, de Carlos Lyra e Vin\u00edcius de Moraes, composto\u00a0 para a pe\u00e7a \u201cPobre menina rica\u201d, \u00e9 aqui oferecido na voz de Ala\u00edde Costa, em grava\u00e7\u00e3o que saiu primeiro num compacto duplo tamb\u00e9m\u00a0 de 1974 e, no ano seguinte, foi inclu\u00edda em um dos muitos LPs dessa excelente cantora. Jo\u00e3o de Aquino vem com \u201cSapos e grilos\u201d, parceria dele pr\u00f3prio com Paulo Frederico, faixa extra\u00edda do \u00e1lbum \u201cViol\u00e3o viageiro\u201d. Eduardo Gudin e Paulo C\u00e9sar Pinheiro, juntamente com outra not\u00e1vel cantora, M\u00e1rcia, aqui nos apresentam \u201cMorda\u00e7a\u201d, em registro feito ao vivo durante o espet\u00e1culo \u201cO importante \u00e9 que a nossa emo\u00e7\u00e3o sobreviva\u201d (t\u00edtulo, por sinal, oriundo de um verso desta m\u00fasica), e lan\u00e7ado primeiramente no \u00e1lbum de mesmo nome. Gonzaguinha, o inesquec\u00edvel\u00a0 e eterno aprendiz, ent\u00e3o ainda se assinando Luiz Gonzaga J\u00fanior, aqui comparece com \u201cMeu cora\u00e7\u00e3o \u00e9 um pandeiro\u201d, faixa de seu segundo \u00e1lbum-solo, de 1974 (no mesmo ano, a m\u00fasica teve outro registro, feito ao vivo, pela cantora Marlene).\u00a0 Obra-prima de Jo\u00e3o Donato, em parceria com Lysias \u00canio e Mercedes Chies, \u201cAt\u00e9 quem sabe?\u201d \u00e9 apresentada neste disco na voz da n\u00e3o menos inesquec\u00edvel Maysa, em faixa de seu derradeiro \u00e1lbum de est\u00fadio. Autor de cl\u00e1ssicos como \u201cEu e a bridsa\u201d e \u201cC\u00e9u e mar\u201d, Johnny Alf expressa bem sua por\u00e7\u00e3o- int\u00e9rprete com \u201cUm gosto de fim\u201d, de Ivan Lins e Ronaldo Monteiro de\u00a0 Souza, faixa extra\u00edda do \u00e1lbum \u201cN\u00f3s\u201d. Finalizando, temos o grande Egberto Gismonti, m\u00fasico completo e extremamente vers\u00e1til, com \u201cVila Rica 1720\u201d, por ele gravada pela primeira vez em 1972, para o \u00e1lbum \u201c\u00c1gua &amp; vinho\u201d e, aqui, em seu segundo registro, extra\u00eddo de um de seus mais expressivos LPs, \u2018Academia de dan\u00e7as\u201d. Repert\u00f3rio primoroso, int\u00e9rpretes do melhor quilate&#8230; Que mais se pode querer?<\/p>\n<div style=\"text-align: center;\">travessia &#8211; milton nascimento<\/div>\n<div style=\"text-align: center;\">rem\u00e9dio pro cora\u00e7\u00e3o &#8211; marcos valle<\/div>\n<div style=\"text-align: center;\">primavera &#8211; alaide costa<\/div>\n<div style=\"text-align: center;\">sapos e grilos &#8211; jo\u00e3o de auino<\/div>\n<div style=\"text-align: center;\">morda\u00e7a &#8211; paulo cesar pinheiro, eduardo gudin &amp; marcia<\/div>\n<div style=\"text-align: center;\">san vicente &#8211; milton nascimento<\/div>\n<div style=\"text-align: center;\">meu cora\u00e7\u00e3o \u00e9 um pandeiro &#8211; luiz gonzaga jr<\/div>\n<div style=\"text-align: center;\">at\u00e9 quem sabe &#8211; maysa<\/div>\n<div style=\"text-align: center;\">um gosto de fim &#8211; johnny alf<\/div>\n<div style=\"text-align: center;\">vila rica 1720 &#8211; egberto gismonti<\/div>\n<p>*Texto de Samuel Machado Filho<\/p>\n","protected":false},"excerpt":{"rendered":"<p>\u00c9 com a satisfa\u00e7\u00e3o de sempre que o Toque Musical oferece hoje, a seus amigos cultos, ocultos e associados, mais uma colet\u00e2nea apresentando MPB da melhor qualidade. Trata-se de \u201cSom brasileiro\u201d, editada em 1975 pela Odeon (depois EMI, hoje Universal &hellip; <a href=\"https:\/\/www.toque-musicall.com\/?p=5849\">Continue lendo <span class=\"meta-nav\">&rarr;<\/span><\/a><\/p>\n","protected":false},"author":1,"featured_media":0,"comment_status":"open","ping_status":"closed","sticky":false,"template":"","format":"standard","meta":{"footnotes":""},"categories":[700,1971,498,900,568,1810,491,67,1359,322,1562,86],"tags":[],"class_list":["post-5849","post","type-post","status-publish","format-standard","hentry","category-alaide-costa","category-eduardo-gudin","category-egberto-gismonti","category-joao-de-aquino","category-johnny-alf","category-luiz-gonzaga-jr","category-marcia","category-marcos-valle","category-maysa","category-milton-nascimento","category-paulo-cesar-pinheiro","category-selo-odeon"],"_links":{"self":[{"href":"https:\/\/www.toque-musicall.com\/index.php?rest_route=\/wp\/v2\/posts\/5849","targetHints":{"allow":["GET"]}}],"collection":[{"href":"https:\/\/www.toque-musicall.com\/index.php?rest_route=\/wp\/v2\/posts"}],"about":[{"href":"https:\/\/www.toque-musicall.com\/index.php?rest_route=\/wp\/v2\/types\/post"}],"author":[{"embeddable":true,"href":"https:\/\/www.toque-musicall.com\/index.php?rest_route=\/wp\/v2\/users\/1"}],"replies":[{"embeddable":true,"href":"https:\/\/www.toque-musicall.com\/index.php?rest_route=%2Fwp%2Fv2%2Fcomments&post=5849"}],"version-history":[{"count":1,"href":"https:\/\/www.toque-musicall.com\/index.php?rest_route=\/wp\/v2\/posts\/5849\/revisions"}],"predecessor-version":[{"id":5850,"href":"https:\/\/www.toque-musicall.com\/index.php?rest_route=\/wp\/v2\/posts\/5849\/revisions\/5850"}],"wp:attachment":[{"href":"https:\/\/www.toque-musicall.com\/index.php?rest_route=%2Fwp%2Fv2%2Fmedia&parent=5849"}],"wp:term":[{"taxonomy":"category","embeddable":true,"href":"https:\/\/www.toque-musicall.com\/index.php?rest_route=%2Fwp%2Fv2%2Fcategories&post=5849"},{"taxonomy":"post_tag","embeddable":true,"href":"https:\/\/www.toque-musicall.com\/index.php?rest_route=%2Fwp%2Fv2%2Ftags&post=5849"}],"curies":[{"name":"wp","href":"https:\/\/api.w.org\/{rel}","templated":true}]}}