{"id":585,"date":"2011-01-08T20:40:00","date_gmt":"2011-01-08T20:40:00","guid":{"rendered":"http:\/\/www.toque-musicall.com\/?p=585"},"modified":"2011-01-08T20:40:00","modified_gmt":"2011-01-08T20:40:00","slug":"sambas-de-roda-de-salvador-1983","status":"publish","type":"post","link":"https:\/\/www.toque-musicall.com\/?p=585","title":{"rendered":"Sambas De Roda De Salvador (1983)"},"content":{"rendered":"<p><a href=\"http:\/\/3.bp.blogspot.com\/_DSKVEvHtskc\/TSjMJOwQPPI\/AAAAAAAAHi4\/jC61IMpMn70\/s1600\/sambas+salvador+P.JPG\"><img decoding=\"async\" style=\"TEXT-ALIGN: center; MARGIN: 0px auto 10px; WIDTH: 400px; DISPLAY: block; HEIGHT: 397px; CURSOR: hand\" id=\"BLOGGER_PHOTO_ID_5559918198940253426\" border=\"0\" alt=\"\" src=\"http:\/\/3.bp.blogspot.com\/_DSKVEvHtskc\/TSjMJOwQPPI\/AAAAAAAAHi4\/jC61IMpMn70\/s400\/sambas+salvador+P.JPG\" \/><\/a> Salve mo\u00e7ada culta e oculta! Depois de muitos dias de chuva, o s\u00e1bado veio maravilhoso, com um c\u00e9u azul e o sol de muitos brilhos. Eu estava mesmo precisando de um dia assim. Estou me sentido bem melhor. E para comemorar o &#8216;s\u00e1bad\u00e3o&#8217;, vamos hoje no embalo do samba. Samba da Bahia!<br \/>Temos aqui &#8220;Sambas de Roda de Salvador&#8221;, Um trabalho de pesquisa realizado por Walmir Lima, um dos maiores nomes do samba de raiz feito Bahia. Neste \u00e1lbum ele reuniu alguns dos melhores nomes do samba de roda de Salvador, da \u00e9poca, para juntos gravarem uma sele\u00e7\u00e3o de 10 m\u00fasicas, sambas de roda, muitos deles de autoria de Walmir Lima. N\u00e3o se trata de um disco autoral, embora toda a ideia e dire\u00e7\u00e3o do trabalho tenha sido feita por ele.<br \/>Para uma noite de s\u00e1bado com um c\u00e9u cheio de estrelas, um disco como este levanta bem o astral. Confiram a\u00ed mais um toque musical! \ud83d\ude09<\/p>\n<div align=\"center\"> eu quero ver &#8211; sarabanda, beto sem bra\u00e7o e giba<\/div>\n<div align=\"center\">c\u00f4co no dend\u00ea &#8211; rico medeiros<\/div>\n<div align=\"center\">o visitante &#8211; giba<\/div>\n<div align=\"center\">menina linda &#8211; serginho<\/div>\n<div align=\"center\">\u00e9 mentira de quem disse &#8211; walmir lima e edinha da bahia<\/div>\n<div align=\"center\">samba na palma da m\u00e3o &#8211; walmir lima<\/div>\n<div align=\"center\">segura a gib\u00f3ia &#8211; beijoca<\/div>\n<div align=\"center\">a reza &#8211; sarabanda<\/div>\n<div align=\"center\">dona de casa &#8211; elane<\/div>\n<div align=\"center\">na for\u00e7a do meu roj\u00e3o &#8211; giba<\/div>\n","protected":false},"excerpt":{"rendered":"<p>Salve mo\u00e7ada culta e oculta! Depois de muitos dias de chuva, o s\u00e1bado veio maravilhoso, com um c\u00e9u azul e o sol de muitos brilhos. Eu estava mesmo precisando de um dia assim. Estou me sentido bem melhor. E para &hellip; <a href=\"https:\/\/www.toque-musicall.com\/?p=585\">Continue lendo <span class=\"meta-nav\">&rarr;<\/span><\/a><\/p>\n","protected":false},"author":1,"featured_media":0,"comment_status":"open","ping_status":"closed","sticky":false,"template":"","format":"standard","meta":{"footnotes":""},"categories":[877,876],"tags":[],"class_list":["post-585","post","type-post","status-publish","format-standard","hentry","category-sambas-de-roda-de-salvador","category-walmir-lima"],"_links":{"self":[{"href":"https:\/\/www.toque-musicall.com\/index.php?rest_route=\/wp\/v2\/posts\/585","targetHints":{"allow":["GET"]}}],"collection":[{"href":"https:\/\/www.toque-musicall.com\/index.php?rest_route=\/wp\/v2\/posts"}],"about":[{"href":"https:\/\/www.toque-musicall.com\/index.php?rest_route=\/wp\/v2\/types\/post"}],"author":[{"embeddable":true,"href":"https:\/\/www.toque-musicall.com\/index.php?rest_route=\/wp\/v2\/users\/1"}],"replies":[{"embeddable":true,"href":"https:\/\/www.toque-musicall.com\/index.php?rest_route=%2Fwp%2Fv2%2Fcomments&post=585"}],"version-history":[{"count":0,"href":"https:\/\/www.toque-musicall.com\/index.php?rest_route=\/wp\/v2\/posts\/585\/revisions"}],"wp:attachment":[{"href":"https:\/\/www.toque-musicall.com\/index.php?rest_route=%2Fwp%2Fv2%2Fmedia&parent=585"}],"wp:term":[{"taxonomy":"category","embeddable":true,"href":"https:\/\/www.toque-musicall.com\/index.php?rest_route=%2Fwp%2Fv2%2Fcategories&post=585"},{"taxonomy":"post_tag","embeddable":true,"href":"https:\/\/www.toque-musicall.com\/index.php?rest_route=%2Fwp%2Fv2%2Ftags&post=585"}],"curies":[{"name":"wp","href":"https:\/\/api.w.org\/{rel}","templated":true}]}}