{"id":5854,"date":"2016-11-13T10:36:28","date_gmt":"2016-11-13T12:36:28","guid":{"rendered":"http:\/\/www.toque-musicall.com\/?p=5854"},"modified":"2016-11-20T14:43:52","modified_gmt":"2016-11-20T16:43:52","slug":"reino-da-juventude-1964","status":"publish","type":"post","link":"https:\/\/www.toque-musicall.com\/?p=5854","title":{"rendered":"Reino Da Juventude (1964)"},"content":{"rendered":"<p><img loading=\"lazy\" decoding=\"async\" class=\"aligncenter size-large\" src=\"https:\/\/2.bp.blogspot.com\/-O_sBRmJaTLM\/WDG0lEUpgGI\/AAAAAAAANjM\/nk5VKTXjy2E7pv_VCaw9_N3t32kYzvFFwCLcB\/s640\/capa%2BFp.JPG\" alt=\"\" width=\"640\" height=\"640\" \/><img loading=\"lazy\" decoding=\"async\" class=\"aligncenter size-large\" src=\"https:\/\/4.bp.blogspot.com\/-pFbIB3Jnd5M\/WDG0mybAMYI\/AAAAAAAANjQ\/GDtHoS-RMJUsFzdot05qWl5VSo4LXkf4ACLcB\/s640\/contra%2BBp.JPG\" alt=\"\" width=\"640\" height=\"640\" \/><\/p>\n<p>Bom dia, amigos cultos e ocultos! Agora quem passou a ser espor\u00e1dico nos textos e resenhas fui eu. Nos \u00faltimos dois meses o trabalho ficou a cargo do grande Samuca, que como sempre nos oferece um texto rico e esclarecedor. Por\u00e9m, como gerente-criador desse blog, eu continuo na ativa programando os discos que iremos postar e eventualmente dando os meus pitacos.<br \/>\nPara a pr\u00f3xima semana estamos programando uma s\u00e9rie de discos voltados a Jovem Guarda. Alguns pr\u00e9, alguns p\u00f3s, mas todos relacionado a esse momento. Com certeza, alguns de nossos visitantes, amigos cultos e ocultos, ir\u00e3o gostar.<br \/>\nCome\u00e7ando nossa mostra, eu trago o lp &#8220;Reino da Juventude&#8221;. Lp lan\u00e7ado pela gravadora Continental em 1964. Trata-se de um disco produzido a partir de um famoso programa hom\u00f4nimo da TV Record apresentado por Antonio Aguillar, um dos pioneiros da chamada &#8216;m\u00fasica jovem&#8217;, no Brasil. Ele era jornalista, fot\u00f3grafo, disc-jockey e empres\u00e1rio, respons\u00e1vel pelo lan\u00e7amento de v\u00e1rios artistas, entre os mais famosos est\u00e3o Os Incr\u00edveis, The Jet Black&#8217;s, Marcos Roberto e S\u00e9rgio Reis. Aguillar tamb\u00e9m foi o respons\u00e1vel pela divulga\u00e7\u00e3o de Roberto Carlos em S\u00e3o Paulo. Foi em seu programa, nas tardes de s\u00e1bado, que a juventude da \u00e9poca come\u00e7ou a conhecer os artistas que mais tarde estariam fazendo parte da Jovem Guarda. O disco&#8221;Reino da juventude&#8221; re\u00fane alguns dos mais expressivos talentos do programa, todos artistas lan\u00e7ados por ele. Aqui temos 12 cantores e conjuntos, sendo que alguns deles continuam na ativa por duas d\u00e9cadas ou mais, Entre esses temos S\u00e9rgio Reis, Os Vips e Tony Bizarro (que na \u00e9poca era apenas Luiz Antonio). Quem gosta e acompanha as aventuras da Jovem Guarda, certamente ir\u00e1 lembrar de todos. Vale a pena conferir&#8230;<\/p>\n<div style=\"text-align: center;\">reino da juventude &#8211; the flyers<\/div>\n<div style=\"text-align: center;\">can\u00e7\u00e3o do amor perdido &#8211; marcos roberto<\/div>\n<div style=\"text-align: center;\">eu sei &#8211; marly<\/div>\n<div style=\"text-align: center;\">todo es amor &#8211; orlando alvarado<\/div>\n<div style=\"text-align: center;\">soninha &#8211; ren\u00ea dantas<\/div>\n<div style=\"text-align: center;\">o mio signore &#8211; sergio reis<\/div>\n<div style=\"text-align: center;\">i got a woman &#8211; tulio e os hitch-hikers<\/div>\n<div style=\"text-align: center;\">solo duo righe &#8211; dick damello<\/div>\n<div style=\"text-align: center;\">estamos tristes &#8211; sidn\u00e9ia<\/div>\n<div style=\"text-align: center;\">pobre milion\u00e1rio &#8211; tony dilson<\/div>\n<div style=\"text-align: center;\">tonight &#8211; the vips<\/div>\n<div style=\"text-align: center;\">primeira estrela &#8211; luiz antonio<\/div>\n<div style=\"text-align: center;\"><\/div>\n<div style=\"text-align: center;\">.<\/div>\n","protected":false},"excerpt":{"rendered":"<p>Bom dia, amigos cultos e ocultos! Agora quem passou a ser espor\u00e1dico nos textos e resenhas fui eu. Nos \u00faltimos dois meses o trabalho ficou a cargo do grande Samuca, que como sempre nos oferece um texto rico e esclarecedor. &hellip; <a href=\"https:\/\/www.toque-musicall.com\/?p=5854\">Continue lendo <span class=\"meta-nav\">&rarr;<\/span><\/a><\/p>\n","protected":false},"author":1,"featured_media":0,"comment_status":"open","ping_status":"closed","sticky":false,"template":"","format":"standard","meta":{"footnotes":""},"categories":[2821,40,570],"tags":[],"class_list":["post-5854","post","type-post","status-publish","format-standard","hentry","category-orlando-alvarado","category-selo-continental","category-sergio-reis"],"_links":{"self":[{"href":"https:\/\/www.toque-musicall.com\/index.php?rest_route=\/wp\/v2\/posts\/5854","targetHints":{"allow":["GET"]}}],"collection":[{"href":"https:\/\/www.toque-musicall.com\/index.php?rest_route=\/wp\/v2\/posts"}],"about":[{"href":"https:\/\/www.toque-musicall.com\/index.php?rest_route=\/wp\/v2\/types\/post"}],"author":[{"embeddable":true,"href":"https:\/\/www.toque-musicall.com\/index.php?rest_route=\/wp\/v2\/users\/1"}],"replies":[{"embeddable":true,"href":"https:\/\/www.toque-musicall.com\/index.php?rest_route=%2Fwp%2Fv2%2Fcomments&post=5854"}],"version-history":[{"count":1,"href":"https:\/\/www.toque-musicall.com\/index.php?rest_route=\/wp\/v2\/posts\/5854\/revisions"}],"predecessor-version":[{"id":5855,"href":"https:\/\/www.toque-musicall.com\/index.php?rest_route=\/wp\/v2\/posts\/5854\/revisions\/5855"}],"wp:attachment":[{"href":"https:\/\/www.toque-musicall.com\/index.php?rest_route=%2Fwp%2Fv2%2Fmedia&parent=5854"}],"wp:term":[{"taxonomy":"category","embeddable":true,"href":"https:\/\/www.toque-musicall.com\/index.php?rest_route=%2Fwp%2Fv2%2Fcategories&post=5854"},{"taxonomy":"post_tag","embeddable":true,"href":"https:\/\/www.toque-musicall.com\/index.php?rest_route=%2Fwp%2Fv2%2Ftags&post=5854"}],"curies":[{"name":"wp","href":"https:\/\/api.w.org\/{rel}","templated":true}]}}