{"id":587,"date":"2011-01-06T10:30:00","date_gmt":"2011-01-06T10:30:00","guid":{"rendered":"http:\/\/www.toque-musicall.com\/?p=587"},"modified":"2011-01-06T10:30:00","modified_gmt":"2011-01-06T10:30:00","slug":"abertura-estes-tambem-participaram-1975","status":"publish","type":"post","link":"https:\/\/www.toque-musicall.com\/?p=587","title":{"rendered":"Abertura &#8211; Estes Tamb\u00e9m Participaram (1975)"},"content":{"rendered":"<p><a href=\"http:\/\/3.bp.blogspot.com\/_DSKVEvHtskc\/TSWZ-cVKZ3I\/AAAAAAAAHhY\/L-GLER9LTmM\/s1600\/abertura+P.JPG\"><img decoding=\"async\" style=\"TEXT-ALIGN: center; MARGIN: 0px auto 10px; WIDTH: 400px; DISPLAY: block; HEIGHT: 398px; CURSOR: hand\" id=\"BLOGGER_PHOTO_ID_5559018613094639474\" border=\"0\" alt=\"\" src=\"http:\/\/3.bp.blogspot.com\/_DSKVEvHtskc\/TSWZ-cVKZ3I\/AAAAAAAAHhY\/L-GLER9LTmM\/s400\/abertura+P.JPG\" \/><\/a>Ol\u00e1! Esta semana est\u00e1 sendo mesmo bem variada, voc\u00eas n\u00e3o acham? Temos tido aqui discos para o mais variado gosto e como sempre, boas surpresas. A caravana n\u00e3o para&#8230;<br \/>Na sequ\u00eancia, eu trago para voc\u00eas um disco bacana, um legado de um dos \u00faltimos festivais de m\u00fasica brasileira ainda com aquele esp\u00edrito dos anos 60, o <a href=\"http:\/\/www.mediafire.com\/download.php?1qa35gk7oifdx0e\">Festival Abertura<\/a>, promovido pela Rede Globo em 1975. O disco que tenho aqui, como bem se pode ver pela capa, re\u00fane 13 outras m\u00fasicas e artistas que tamb\u00e9m participaram do festival, mas n\u00e3o tiveram suas m\u00fasicas classificadas para a final. Quem teve o prazer de assistir ao Abertura talvez se lembre de algumas dessas m\u00fasicas, que s\u00e3o t\u00e3o boas quanto as que chegaram \u00e0 final. A RCA, oportunamente, n\u00e3o deixou por menos, recrutou as sobras e tamb\u00e9m entrou na onda do Festival. Eis a\u00ed um disco raro com uma s\u00e9rie de m\u00fasicas que nunca tiveram outra chance al\u00e9m dessa para serem mostradas. Confiram&#8230;<\/p>\n<div align=\"center\">farofa-f\u00e1 &#8211; mauro celso<\/div>\n<div align=\"center\">tele rodovida &#8211; milton carlos<\/div>\n<div align=\"center\">massa falida &#8211; cesar costa filho<\/div>\n<div align=\"center\">cirandeira &#8211; ana maria brand\u00e3o<\/div>\n<div align=\"center\">dr\u00e1cula &#8211; paulinho da costa<\/div>\n<div align=\"center\">rede verde &#8211; elson<\/div>\n<div align=\"center\">mudan\u00e7as &#8211; gil gerson<\/div>\n<div align=\"center\">s\u00fadito do rei &#8211; fl\u00e1vio e l\u00facia<\/div>\n<div align=\"center\">que venha el tango &#8211; silvio barbosa<\/div>\n<div align=\"center\">carca\u00e7a &#8211; raimundo marques costa<\/div>\n<div align=\"center\">dan\u00e7a espanhola da cabe\u00e7a &#8211; z\u00e9 m\u00e1rcio<\/div>\n<div align=\"center\">balbina &#8211; caetano zamma<\/div>\n<div align=\"center\">teofagia &#8211; marco antonio <\/div>\n","protected":false},"excerpt":{"rendered":"<p>Ol\u00e1! Esta semana est\u00e1 sendo mesmo bem variada, voc\u00eas n\u00e3o acham? Temos tido aqui discos para o mais variado gosto e como sempre, boas surpresas. A caravana n\u00e3o para&#8230;Na sequ\u00eancia, eu trago para voc\u00eas um disco bacana, um legado de &hellip; <a href=\"https:\/\/www.toque-musicall.com\/?p=587\">Continue lendo <span class=\"meta-nav\">&rarr;<\/span><\/a><\/p>\n","protected":false},"author":1,"featured_media":0,"comment_status":"open","ping_status":"closed","sticky":false,"template":"","format":"standard","meta":{"footnotes":""},"categories":[880,879,878,881],"tags":[],"class_list":["post-587","post","type-post","status-publish","format-standard","hentry","category-cesar-costa-filho","category-festival-abertura","category-mauro-celso","category-milton-carlos"],"_links":{"self":[{"href":"https:\/\/www.toque-musicall.com\/index.php?rest_route=\/wp\/v2\/posts\/587","targetHints":{"allow":["GET"]}}],"collection":[{"href":"https:\/\/www.toque-musicall.com\/index.php?rest_route=\/wp\/v2\/posts"}],"about":[{"href":"https:\/\/www.toque-musicall.com\/index.php?rest_route=\/wp\/v2\/types\/post"}],"author":[{"embeddable":true,"href":"https:\/\/www.toque-musicall.com\/index.php?rest_route=\/wp\/v2\/users\/1"}],"replies":[{"embeddable":true,"href":"https:\/\/www.toque-musicall.com\/index.php?rest_route=%2Fwp%2Fv2%2Fcomments&post=587"}],"version-history":[{"count":0,"href":"https:\/\/www.toque-musicall.com\/index.php?rest_route=\/wp\/v2\/posts\/587\/revisions"}],"wp:attachment":[{"href":"https:\/\/www.toque-musicall.com\/index.php?rest_route=%2Fwp%2Fv2%2Fmedia&parent=587"}],"wp:term":[{"taxonomy":"category","embeddable":true,"href":"https:\/\/www.toque-musicall.com\/index.php?rest_route=%2Fwp%2Fv2%2Fcategories&post=587"},{"taxonomy":"post_tag","embeddable":true,"href":"https:\/\/www.toque-musicall.com\/index.php?rest_route=%2Fwp%2Fv2%2Ftags&post=587"}],"curies":[{"name":"wp","href":"https:\/\/api.w.org\/{rel}","templated":true}]}}