{"id":5870,"date":"2016-11-24T08:41:22","date_gmt":"2016-11-24T10:41:22","guid":{"rendered":"http:\/\/www.toque-musicall.com\/?p=5870"},"modified":"2016-11-27T08:44:49","modified_gmt":"2016-11-27T10:44:49","slug":"martinha-1969","status":"publish","type":"post","link":"https:\/\/www.toque-musicall.com\/?p=5870","title":{"rendered":"Martinha (1969)"},"content":{"rendered":"<p><img loading=\"lazy\" decoding=\"async\" class=\"aligncenter size-large\" src=\"https:\/\/3.bp.blogspot.com\/-_VZcS_JIqp0\/WDq1c98KTUI\/AAAAAAAANlY\/tTaTPxpoyE8CveD1ABCYkNqg_SG2Cp2DQCLcB\/s640\/capap.JPG\" alt=\"\" width=\"613\" height=\"640\" \/><img loading=\"lazy\" decoding=\"async\" class=\"aligncenter size-large\" src=\"https:\/\/2.bp.blogspot.com\/-eGs42tcA3QY\/WDq1dOKiX0I\/AAAAAAAANlc\/7_NABUfckSwviQ3VjWVwyzkPv8rqoEWTwCLcB\/s640\/contrap.JPG\" alt=\"\" width=\"631\" height=\"640\" \/><\/p>\n<p>Mais uma grande estrela da Jovem Guarda \u00e9 posta em foco pelo TM. Estamos falando de Martha Vieira Figueiredo Cunha. Ou, como ficaria para a posteridade, Martinha. At\u00e9 hoje conhecida pelo apelido de \u201cqueijinho de Minas\u201d, nossa Martinha veio ao mundo exatamente na Capital das Alterosas, Belo Horizonte, a 30 de julho de 1949. Sua m\u00e3e, Dona Ruth, era uma das \u201cghost-writers\u201d da coluna \u201cMexericos da Candinha\u201d, publicada durante anos na \u201cRevista do R\u00e1dio\u201d e, mais tarde, em \u201cAmiga\u201d. Filha \u00fanica, desde pequena j\u00e1 cantarolava m\u00fasicas compostas por ela mesma, e aprendeu a tocar piano aos cinco anos de idade. Em 1966, foi trazida de Minas por nada mais nada menos que Roberto Carlos, o ent\u00e3o \u201crei da juventude\u201d, passando, logicamente, a fazer parte da Jovem Guarda e a ser figurinha carimbada do programa de mesmo nome, apresentado aos domingos \u00e1 tarde pela antiga TV Record de S\u00e3o Paulo. Um ano mais tarde, Roberto gravaria uma balada rom\u00e2ntica que se constituiu no primeiro sucesso autoral de Martinha: \u201cEu daria minha vida\u201d, um cl\u00e1ssico relembrado at\u00e9 hoje,\u00a0 que tem mais de cinquenta grava\u00e7\u00f5es ao redor do mundo! Ainda em 1967, Martinha faz sua estreia tamb\u00e9m como int\u00e9rprete, lan\u00e7ando pela Artistas Unidos (gravadora vinculada \u00e0 Record, cujos produtos eram fabricados e distribu\u00eddos pela Mocambo\/Rozenblit, do Recife) um compacto simples com duas m\u00fasicas de autoria pr\u00f3pria: \u201cBarra limpa\u201d (homenagem ao \u201crei\u201d Roberto) e \u201cN\u00e3o brinque assim\u201d. Ap\u00f3s mais um single, com \u201cEu te amo mesmo assim\u201d e \u2018Quem disse adeus agora fui eu\u201d, Martinha lan\u00e7ou seu primeiro LP, tamb\u00e9m intitulado \u201cEu te amo mesmo assim\u201d. \u00a0Era o in\u00edcio de uma carreira fulminante, com vinte \u00e1lbuns gravados, sendo oito deles no exterior, e apresenta\u00e7\u00f5es em pa\u00edses como EUA, Espanha (onde residiu por mais de um ano) e em toda a Am\u00e9rica Latina, inclusive participando de festivais. \u201cN\u00e3o gosto mais de voc\u00ea\u201d, \u201cArranje outra namorada\u201d, \u201cPior pra voc\u00ea, bem pior pra mim\u201d, \u201cAqui\u201d, \u201cVestido branco\u201d , \u201cComo antigamente\u201d, \u201cEu quero a Am\u00e9rica do Sul e \u201cQue homem \u00e9 esse?\u201d\u00a0 s\u00e3o outros sucessos de Martinha como int\u00e9rprete. Como autora, tem m\u00fasicas gravadas por int\u00e9rpretes como \u00c2ngela Maria, Paulo S\u00e9rgio (\u201cPelo amor de Deus\u201d, que fez para ele quando era sua namorada), Moacyr Franco, Ronnie Von, Wanderley Cardoso, Agnaldo Rayol (\u201c\u00c1gua caliente\u201d), Gilliard (\u201cPouco a pouco\u201d), Leno e a paraguaia Perla, al\u00e9m de duplas sertanejas como Chit\u00e3ozinho e Xoror\u00f3 (\u201cVem provar de mim\u201d, \u201cQueixas\u201d), de quem, ali\u00e1s, ela \u00e9 grande amiga. O TM hoje oferece a seus amigos cultos, ocultos e associados, o terceiro LP de est\u00fadio de Martinha. Lan\u00e7ado em 1969, o disco tamb\u00e9m marcou a estreia da cantora-compositora mineira na Copacabana, ap\u00f3s o fechamento da Artistas Unidos. Al\u00e9m de ter, em sua produ\u00e7\u00e3o, a respeit\u00e1vel assinatura de Paulo Rocco, durante anos um experiente profissional da \u00e1rea art\u00edstico-fonogr\u00e1fica, e arranjos a cargo de Ant\u00f4nio Porto Filho, o Portinho, Vicente Salvia e Jos\u00e9 Paulo Soares.\u00a0 Na contracapa, inclusive, a pr\u00f3pria Martinha faz um agradecimento a todos que participaram deste trabalho, e tamb\u00e9m \u00e0 m\u00e3e, Dona Ruth. S\u00e3o onze faixas, seis delas assinadas pela pr\u00f3pria Martinha, destacando-se \u201c\u00c0 procura de mim\u201d e \u201cEu escutei o seu adeus\u201d, tamb\u00e9m editadas em compacto simples. Temos ainda trabalhos de Ant\u00f4nio Marcos (\u201cEscuta\u201d) e do irm\u00e3o M\u00e1rio (\u201cVou deixar voc\u00ea\u201d), Luiz Fabiano (\u201cEstou arrependida\u201d), da dupla Luiz Wagner-Tom Gomes (\u201cSou feliz s\u00f3 por te ver\u201d) e at\u00e9 mesmo de Arnaud Rodrigues (\u201cMinha can\u00e7\u00e3o e eu\u201d). Um repert\u00f3rio essencialmente rom\u00e2ntico, linha essa que muitos cantores vindos da Jovem Guarda passaram a seguir ap\u00f3s o fim do movimento. Tudo isso credencia, e muito, este trabalho da not\u00e1vel Martinha, hoje m\u00e3e de dois filhos j\u00e1 adultos, e residente em uma granja na regi\u00e3o da Grande S\u00e3o Paulo.\u00a0 E ela continua em franca atividade, como cantora e compositora, apresentando-se em shows por todo o pa\u00eds e recebendo, merecidamente,\u00a0 os aplausos\u00a0 e a benqueren\u00e7a do p\u00fablico!<\/p>\n<p style=\"text-align: center;\">a procura de mim<\/p>\n<p style=\"text-align: center;\">eu vou<\/p>\n<p style=\"text-align: center;\">eu escutei o seu adeus<\/p>\n<p style=\"text-align: center;\">vou deixar voc\u00ea<\/p>\n<p style=\"text-align: center;\">cansei de conversa<\/p>\n<p style=\"text-align: center;\">escuta<\/p>\n<p style=\"text-align: center;\">tarde, muito tarde<\/p>\n<p style=\"text-align: center;\">estou arrependida<\/p>\n<p style=\"text-align: center;\">deixe<\/p>\n<p style=\"text-align: center;\">minha can\u00e7\u00e3o e eu<\/p>\n<p style=\"text-align: center;\">sou feliz s\u00f3 por ter voc\u00ea<\/p>\n<p>*Texto de Samuel Machado Filho<\/p>\n","protected":false},"excerpt":{"rendered":"<p>Mais uma grande estrela da Jovem Guarda \u00e9 posta em foco pelo TM. Estamos falando de Martha Vieira Figueiredo Cunha. Ou, como ficaria para a posteridade, Martinha. At\u00e9 hoje conhecida pelo apelido de \u201cqueijinho de Minas\u201d, nossa Martinha veio ao &hellip; <a href=\"https:\/\/www.toque-musicall.com\/?p=5870\">Continue lendo <span class=\"meta-nav\">&rarr;<\/span><\/a><\/p>\n","protected":false},"author":1,"featured_media":0,"comment_status":"open","ping_status":"closed","sticky":false,"template":"","format":"standard","meta":{"footnotes":""},"categories":[1606,152],"tags":[],"class_list":["post-5870","post","type-post","status-publish","format-standard","hentry","category-martinha","category-selo-copacabana"],"_links":{"self":[{"href":"https:\/\/www.toque-musicall.com\/index.php?rest_route=\/wp\/v2\/posts\/5870","targetHints":{"allow":["GET"]}}],"collection":[{"href":"https:\/\/www.toque-musicall.com\/index.php?rest_route=\/wp\/v2\/posts"}],"about":[{"href":"https:\/\/www.toque-musicall.com\/index.php?rest_route=\/wp\/v2\/types\/post"}],"author":[{"embeddable":true,"href":"https:\/\/www.toque-musicall.com\/index.php?rest_route=\/wp\/v2\/users\/1"}],"replies":[{"embeddable":true,"href":"https:\/\/www.toque-musicall.com\/index.php?rest_route=%2Fwp%2Fv2%2Fcomments&post=5870"}],"version-history":[{"count":1,"href":"https:\/\/www.toque-musicall.com\/index.php?rest_route=\/wp\/v2\/posts\/5870\/revisions"}],"predecessor-version":[{"id":5871,"href":"https:\/\/www.toque-musicall.com\/index.php?rest_route=\/wp\/v2\/posts\/5870\/revisions\/5871"}],"wp:attachment":[{"href":"https:\/\/www.toque-musicall.com\/index.php?rest_route=%2Fwp%2Fv2%2Fmedia&parent=5870"}],"wp:term":[{"taxonomy":"category","embeddable":true,"href":"https:\/\/www.toque-musicall.com\/index.php?rest_route=%2Fwp%2Fv2%2Fcategories&post=5870"},{"taxonomy":"post_tag","embeddable":true,"href":"https:\/\/www.toque-musicall.com\/index.php?rest_route=%2Fwp%2Fv2%2Ftags&post=5870"}],"curies":[{"name":"wp","href":"https:\/\/api.w.org\/{rel}","templated":true}]}}