{"id":5872,"date":"2016-11-26T08:59:17","date_gmt":"2016-11-26T10:59:17","guid":{"rendered":"http:\/\/www.toque-musicall.com\/?p=5872"},"modified":"2016-11-27T09:01:55","modified_gmt":"2016-11-27T11:01:55","slug":"roberto-de-oliveria-vivo-de-saudades-de-voce-1970","status":"publish","type":"post","link":"https:\/\/www.toque-musicall.com\/?p=5872","title":{"rendered":"Roberto De Oliveria &#8211; Vivo De Saudades De Voc\u00ea (1970)"},"content":{"rendered":"<p><img loading=\"lazy\" decoding=\"async\" class=\"aligncenter size-large\" src=\"https:\/\/4.bp.blogspot.com\/-bw0gqbvuxac\/WDq6pcskxXI\/AAAAAAAANlw\/Js5w0skGLBo76vY3WFvPykMyaIhLzPPCQCLcB\/s640\/capap.JPG\" alt=\"\" width=\"627\" height=\"640\" \/><img loading=\"lazy\" decoding=\"async\" class=\"aligncenter size-large\" src=\"https:\/\/4.bp.blogspot.com\/-tEiR6KyBiRc\/WDq6pRBH3gI\/AAAAAAAANls\/zArFz2myibIEqu4nakXMluNB5z5sioeiQCLcB\/s640\/contrap.JPG\" alt=\"\" width=\"633\" height=\"640\" \/><\/p>\n<p>Ol\u00e1, amigos cultos, ocultos e associados! O \u00e1lbum que o TM nos oferece hoje \u00e9 mais um daqueles t\u00edtulos cercados de inc\u00f3gnitas, dos quais a gente n\u00e3o consegue descobrir muita coisa a respeito de seus int\u00e9rpretes. \u00c9 o caso deste \u201cVivo de saudades de voc\u00ea\u201d, lan\u00e7ado em 1970 pela Polydor\/Philips e, ao que parece, o \u00fanico LP gravado por Roberto de Oliveira. A \u00fanica coisa que consegui apurar a respeito dele \u00e9 que seu primeiro disco, lan\u00e7ado em 1969, foi um compacto simples com duas m\u00fasicas vertidas para o portugu\u00eas por Alf Soares : \u201cSozinho\u201d (no original, \u201cComme l\u2019habitude\u201d, popularizada em ingl\u00eas por Paul Anka e Frank Sinatra como \u201cMy way\u201d) e \u201cSomente a m\u00fasica ficou (The way it used to be)\u201d.\u00a0 Curiosamente, nenhuma delas foi inclu\u00edda neste LP. Mas, pelo menos em sua ficha t\u00e9cnica, h\u00e1 uma curiosidade: o arranjador, apresentado como Pachequinho, \u00e9 nada mais nada menos que o maestro Diogo Pacheco, aquele que j\u00e1 regeu mais de mil concertos de m\u00fasica erudita e ajudou a populariz\u00e1-la no Brasil! Como Pachequinho, inclusive, ele j\u00e1 fez arranjos para cantores do porte de Wanderley Cardoso, \u00c2ngela Maria e Agnaldo Tim\u00f3teo.\u00a0 N\u00e3o por acaso, o livro que conta sua trajet\u00f3ria, escrito pelo jornalista Alfredo Sternheim, e publicado em 2010, se intitula \u201cUm maestro para todos\u201d&#8230; \u00a0Outro item importante deste disco fica por conta de sua produ\u00e7\u00e3o, a cargo de Eust\u00e1quio Sena. Cantor, compositor , violonista e percussionista, ele nasceu na regi\u00e3o do Vale do Jequitinhonha, Minas Gerais, e trabalhou bastante tempo na Som Livre, onde, al\u00e9m de trilhas de novelas, produziu \u00e1lbuns antol\u00f3gicos, como \u201cAcabou chorare\u201d dos Novos Baianos (1972) e \u201cMolhado de suor\u201d, o primeiro trabalho de Alceu Valen\u00e7a (1974). Tamb\u00e9m gravou discos como int\u00e9rprete, sendo o melhor deles o \u00e1lbum \u201cCauromi\u201d (Epic\/CBS, 1980). Eust\u00e1quio faleceu em abril de 2007, completamente esquecido pela m\u00eddia. Estes dois nomes, pelo menos, credenciam o \u00e1lbum hoje oferecido pelo TM. S\u00f3 n\u00e3o foi poss\u00edvel encontrar informa\u00e7\u00f5es biogr\u00e1ficas a respeito de Roberto de Oliveira. Pela sele\u00e7\u00e3o de repert\u00f3rio, percebe-se que \u00e9 um disco feito para atingir a faixa mais popular de consumo, em uma corrente que ficaria mais tarde conhecida como rom\u00e2ntico-brega (termo a princ\u00edpio considerado pejorativo, mas que hoje, nunca \u00e9 demais lembrar, designa m\u00fasica popular facilmente assimil\u00e1vel). O produtor, Eust\u00e1quio Sena, assina quatro faixas: \u201cTristeza infinita\u201d, \u201cPor que ser\u00e1?\u201d, \u201cRose Rosemary\u201d e a vers\u00e3o \u201cTamb\u00e9m sou crian\u00e7a\u201d. Outra vers\u00e3o inclu\u00edda neste disco \u00e9 \u201cO amor \u00e9 tudo (Love is all)\u201d, popularizada no original pelo cantor brit\u00e2nico Malcolm Roberts em um festival da can\u00e7\u00e3o e, em portugu\u00eas, por Agnaldo Rayol. Curiosa \u00e9 tamb\u00e9m a inclus\u00e3o, em uma \u00fanica faixa, de dois cl\u00e1ssicos da MPB, apresentados em ritmo de balada rom\u00e2ntica: \u201cMalandrinha\u201d e \u201cChu\u00e1 chu\u00e1\u201d. A dupla Evaldo Gouveia-Jair Amorim comparece com \u201cUm dos dois\u201d, Sidney Quintela vem com a faixa-t\u00edtulo, \u201cVivo de saudades de voc\u00ea\u201d, \u201cTristeza infinita\u201d e \u201cPor que ser\u00e1\u201d, Carlos Roberto (autor de v\u00e1rios sucessos de Paulo S\u00e9rgio e at\u00e9 parceiro em alguns deles) assina a faixa de abertura, \u201cDe que vale esta grandeza?\u201d. Ainda mais curiosa \u00e9 a presen\u00e7a de Jair Rodrigues como compositor, assinando, em parceria com Carlos Odilon, a faixa \u201c\u00c0 procura de paz\u201d. E olha: at\u00e9 que esse Roberto de Oliveira cantava muit\u00edssimo bem, e chega at\u00e9 a ser uma pena que ele n\u00e3o tenha passado desse LP. E \u00e9 tamb\u00e9m de se lamentar a aus\u00eancia de informa\u00e7\u00f5es biogr\u00e1ficas a seu respeito. Ainda assim, o TM, dentro de sua proposta de preserva\u00e7\u00e3o da mem\u00f3ria musical brasileira, oferece este disco a voc\u00eas. E, se algu\u00e9m tiver informa\u00e7\u00f5es biogr\u00e1ficas sobre Roberto de Oliveira, escreva pra n\u00f3s. O email, voc\u00eas sabem, \u00e9 <a href=\"mailto:toquelinkmusical@gmail.com\">toquelinkmusical@gmail.com<\/a>. Eu e o Augusto, desde j\u00e1, agradecemos&#8230;<\/p>\n<p style=\"text-align: center;\">de que vale esta grandeza<\/p>\n<p style=\"text-align: center;\">tristeza infinita<\/p>\n<p style=\"text-align: center;\">eu n\u00e3o a amo mais<\/p>\n<p style=\"text-align: center;\">tamb\u00e9m sou crian\u00e7a<\/p>\n<p style=\"text-align: center;\">malandrinha &#8211; chu\u00e1 chu\u00e1<\/p>\n<p style=\"text-align: center;\">a procura da paz<\/p>\n<p style=\"text-align: center;\">rose rosemary<\/p>\n<p style=\"text-align: center;\">vivo de saudades de voc\u00ea<\/p>\n<p style=\"text-align: center;\">s\u00f3 sei te amar<\/p>\n<p style=\"text-align: center;\">porque ser\u00e1<\/p>\n<p style=\"text-align: center;\">um dos dois<\/p>\n<p style=\"text-align: center;\">o amor \u00e9 tudo<\/p>\n<p>*Texto de Samuel Machado Filho<\/p>\n","protected":false},"excerpt":{"rendered":"<p>Ol\u00e1, amigos cultos, ocultos e associados! O \u00e1lbum que o TM nos oferece hoje \u00e9 mais um daqueles t\u00edtulos cercados de inc\u00f3gnitas, dos quais a gente n\u00e3o consegue descobrir muita coisa a respeito de seus int\u00e9rpretes. \u00c9 o caso deste &hellip; <a href=\"https:\/\/www.toque-musicall.com\/?p=5872\">Continue lendo <span class=\"meta-nav\">&rarr;<\/span><\/a><\/p>\n","protected":false},"author":1,"featured_media":0,"comment_status":"open","ping_status":"closed","sticky":false,"template":"","format":"standard","meta":{"footnotes":""},"categories":[2826,146],"tags":[],"class_list":["post-5872","post","type-post","status-publish","format-standard","hentry","category-roberto-de-oliveira","category-selo-polydor"],"_links":{"self":[{"href":"https:\/\/www.toque-musicall.com\/index.php?rest_route=\/wp\/v2\/posts\/5872","targetHints":{"allow":["GET"]}}],"collection":[{"href":"https:\/\/www.toque-musicall.com\/index.php?rest_route=\/wp\/v2\/posts"}],"about":[{"href":"https:\/\/www.toque-musicall.com\/index.php?rest_route=\/wp\/v2\/types\/post"}],"author":[{"embeddable":true,"href":"https:\/\/www.toque-musicall.com\/index.php?rest_route=\/wp\/v2\/users\/1"}],"replies":[{"embeddable":true,"href":"https:\/\/www.toque-musicall.com\/index.php?rest_route=%2Fwp%2Fv2%2Fcomments&post=5872"}],"version-history":[{"count":1,"href":"https:\/\/www.toque-musicall.com\/index.php?rest_route=\/wp\/v2\/posts\/5872\/revisions"}],"predecessor-version":[{"id":5873,"href":"https:\/\/www.toque-musicall.com\/index.php?rest_route=\/wp\/v2\/posts\/5872\/revisions\/5873"}],"wp:attachment":[{"href":"https:\/\/www.toque-musicall.com\/index.php?rest_route=%2Fwp%2Fv2%2Fmedia&parent=5872"}],"wp:term":[{"taxonomy":"category","embeddable":true,"href":"https:\/\/www.toque-musicall.com\/index.php?rest_route=%2Fwp%2Fv2%2Fcategories&post=5872"},{"taxonomy":"post_tag","embeddable":true,"href":"https:\/\/www.toque-musicall.com\/index.php?rest_route=%2Fwp%2Fv2%2Ftags&post=5872"}],"curies":[{"name":"wp","href":"https:\/\/api.w.org\/{rel}","templated":true}]}}