{"id":5880,"date":"2016-11-29T19:50:16","date_gmt":"2016-11-29T21:50:16","guid":{"rendered":"http:\/\/www.toque-musicall.com\/?p=5880"},"modified":"2016-11-29T19:50:16","modified_gmt":"2016-11-29T21:50:16","slug":"feche-os-olhos-e-sinta-1989","status":"publish","type":"post","link":"https:\/\/www.toque-musicall.com\/?p=5880","title":{"rendered":"Feche Os Olhos E Sinta (1989)"},"content":{"rendered":"<p><img loading=\"lazy\" decoding=\"async\" class=\"aligncenter size-large\" src=\"https:\/\/3.bp.blogspot.com\/-WFxINUduepc\/WD3ziZuCZgI\/AAAAAAAANmw\/615zA6s45M8-SfImZl01YM3EWvofE1O9wCLcB\/s640\/capap.JPG\" alt=\"\" width=\"640\" height=\"636\" \/><img loading=\"lazy\" decoding=\"async\" class=\"aligncenter size-large\" src=\"https:\/\/4.bp.blogspot.com\/-Jt9uCLX4KQ8\/WD3zi7Bov1I\/AAAAAAAANm0\/4I_vRZWziuEfDQJbimV2wDCrnaCU257NQCLcB\/s640\/contrap.JPG\" alt=\"\" width=\"640\" height=\"640\" \/><\/p>\n<p>Para encerrar com chave de ouro a s\u00e9rie de \u00e1lbuns dedicados \u00e0 Jovem Guarda, sem d\u00favida o primeiro movimento de massa da hist\u00f3ria da MPB, o Toque Musical oferece prazeirosamente a seus amigos cultos, ocultos e associados uma colet\u00e2nea de primeira, lan\u00e7ada em 1989 pela EMI (gravadora incorporada anos mais tarde pela Universal Music). Intitulado \u201cFeche os olhos e sinta\u201d, este disco re\u00fane 16 faixas, garimpadas nos arquivos da antiga multinacional brit\u00e2nica, e a sele\u00e7\u00e3o musical foi feita por Francisco Rodrigues. Uma colet\u00e2nea, sim, mas repleta de momentos antol\u00f3gicos e inesquec\u00edveis. Abrindo o disco, a antol\u00f3gica \u201cFesta do Bolinha\u201d, de Roberto &amp; Erasmo Carlos, com o Trio Esperan\u00e7a.\u00a0 \u00c9 baseada nos personagens de quadrinhos criados em 1935 pela cartunista norte-americana Marge (Marjorie Henderson Buell) \u2013 Luluzinha, Bolinha, Aninha, etc. -, e que se tornariam entretenimento de gera\u00e7\u00f5es seguidas, inclusive no Brasil, onde foram publicados pelas editoras O Cruzeiro, Abril, Devil e Pixel. Lan\u00e7ada em compacto simples, em maio de 1965, \u201cA festa do Bolinha\u201d deu t\u00edtulo, mais tarde, ao terceiro LP do Trio Esperan\u00e7a, marcando a inf\u00e2ncia de muitos&#8230; inclusive a minha! O grupo tamb\u00e9m bate ponto aqui com seu primeiro grande sucesso, \u201cFilme triste (Sad movies\/Make me cry)\u201d, lan\u00e7ado em 1962, ainda em 78 rpm, e inclu\u00eddo, um ano mais tarde, no LP \u201cN\u00f3s somos o sucesso\u201d, o primeiro do trio. \u201cFeche os olhos (All my loving)\u201d, vers\u00e3o de um cl\u00e1ssico dos Beatles, celebrizada por Renato e seus Blue Caps, \u00e9 aqui revivida em uma regrava\u00e7\u00e3o feita pelo ex-vocalista do grupo (e irm\u00e3o de seu fundador, Renato Barros, tamb\u00e9m autor da letra brazuca), Paulo C\u00e9zar Barros, em 1977. Formada por Jos\u00e9 Rodrigues da Silva e D\u00e9cio Scarpelli, ambos paulistas de Santos, a dupla Deny e Dino aqui comparece com duas faixas imperd\u00edveis: a primeira \u00e9 \u201cCoruja\u201d, seu primeiro e maior sucesso, lan\u00e7ado em 1966 e que batizou o primeiro LP de ambos, e a divertida marcha-rancho \u201cO ci\u00fame\u201d, hit de um ano mais tarde. S\u00e9rgio Reis, o \u201cgrand\u00e3o\u201d, vem aqui com seu primeiro e inesquec\u00edvel sucesso, \u201cCora\u00e7\u00e3o de papel\u201d, composi\u00e7\u00e3o dele mesmo. Lan\u00e7ado em fins de 1966, atravessou quase todo o ano seguinte em primeiro lugar nas paradas de sucesso: QUARENTA E TR\u00caS semanas! Anos mais tarde, voc\u00eas sabem, S\u00e9rgio Reis aderiu \u00e0 m\u00fasica sertaneja, com \u00eaxitos sobre \u00eaxitos. Eduardo Ara\u00fajo, outro \u00edcone da m\u00fasica jovem daqueles tempos, \u00a0aqui nos apresenta outros dois hits inesquec\u00edveis, at\u00e9 hoje rememorados: \u201cVem quente que eu estou fervendo\u201d, parceria dele mesmo com Carlos Imperial, tamb\u00e9m gravado por Erasmo Carlos e mais tarde revivido pelo conjunto Bar\u00e3o Vermelho, e \u201cO bom\u201d, este s\u00f3 de Imperial,\u00a0 que se tornaria um verdadeiro hino da Jovem Guarda,\u00a0 e carro-chefe de Eduardo Ara\u00fajo para todo o sempre. Conhecidos como \u201cos reis dos bailes\u201d, os Fevers nos apresentam outras duas faixas, ambas vers\u00f5es de Rossini Pinto, sem d\u00favida um especialista na mat\u00e9ria: \u201cJ\u00e1 cansei (It\u2019s too late)\u201d, originalmente sucesso de Johnny Rivers, e \u201cVem me ajudar (Help, get me some help)\u201d, hit em todo o mundo com o cantor holand\u00eas Tony Ronald. O inesquec\u00edvel \u201crei da pilantragem\u201d, Wilson Simonal, tem aqui outras duas faixas: a primeira \u00e9 \u201cMam\u00e3e passou a\u00e7\u00facar em mim\u201d, de Carlos Imperial, sem d\u00favida um cl\u00e1ssico na interpreta\u00e7\u00e3o do eterno Simona. E a segunda \u00e9 uma bem humorada vers\u00e3o dele para \u201cSe voc\u00ea pensa\u201d, de Roberto &amp; Erasmo Carlos, com aquele toque pessoal que s\u00f3 ele sabia dar. A vers\u00e3o \u201cEsc\u00e2ndalo em fam\u00edlia (Shame and scandal in the family)\u201d, celebrizada por Renato e seus Blue Caps em 1965, vem aqui numa regrava\u00e7\u00e3o de 1976, a cargo do grupo D\u00e9cada Rom\u00e2ntica, que, como voc\u00eas perceber\u00e3o pelo timbre vocal de seus integrantes, eram, na verdade, os Golden Boys! E eles aparecem em outras tr\u00eas faixas, todas cl\u00e1ssicos imperd\u00edveis: \u201cAlgu\u00e9m na multid\u00e3o\u201d, do j\u00e1 citado Rossini Pinto, que seria o carro-chefe do grupo para sempre,\u00a0 a \u201cb\u00edtlica\u201d\u201cMichelle\u201d, e \u201cPensando nela (Bus stop)\u201d, hit originalmente do grupo brit\u00e2nico The Hollies, ambas tamb\u00e9m abrasileiradas por Rossini. Enfim, um disco que ir\u00e1, por certo, proporcionar momentos de feliz reminisc\u00eancia a todos aqueles que t\u00eam, carinhosamente em suas mem\u00f3rias, estes inesquec\u00edveis sucessos, e tamb\u00e9m mostrar para as gera\u00e7\u00f5es atuais, um pouco do que foi este movimento musical bastante expressivo que foi a Jovem Guarda.\u00a0 Uma festa de arromba pra ningu\u00e9m botar defeito!<\/p>\n<p style=\"text-align: center;\">a festa do bolinha &#8211; trio esperan\u00e7a<\/p>\n<p style=\"text-align: center;\">feche os olhos e sinta &#8211; paulo cezar<\/p>\n<p style=\"text-align: center;\">coruja &#8211; deny e dino<\/p>\n<p style=\"text-align: center;\">cora\u00e7\u00e3o de papel &#8211; s\u00e9rgio reis<\/p>\n<p style=\"text-align: center;\">pensando nela &#8211; golden boys<\/p>\n<p style=\"text-align: center;\">vem quente que eu estou fervendo &#8211; eduardo ara\u00fajo<\/p>\n<p style=\"text-align: center;\">j\u00e1 cansei &#8211; the fevers<\/p>\n<p style=\"text-align: center;\">mam\u00e3e passou a\u00e7ucar em mim &#8211; wilson simonal<\/p>\n<p style=\"text-align: center;\">o bom &#8211; eduardo ara\u00fajo<\/p>\n<p style=\"text-align: center;\">filme triste &#8211; trio esperan\u00e7a<\/p>\n<p style=\"text-align: center;\">o ci\u00fame &#8211; deny e dino<\/p>\n<p style=\"text-align: center;\">esc\u00e2ndalo em fam\u00edlia &#8211; d\u00e9cada rom\u00e2ntica<\/p>\n<p style=\"text-align: center;\">algu\u00e9m na multid\u00e3o &#8211; golden boys<\/p>\n<p style=\"text-align: center;\">se voc\u00ea pensa &#8211; wilson simonal<\/p>\n<p style=\"text-align: center;\">vem me ajudar &#8211; the fevers<\/p>\n<p style=\"text-align: center;\">michelle &#8211; golden boys e the fevers<\/p>\n<p>*Texto de Samuel Machado Filho<\/p>\n","protected":false},"excerpt":{"rendered":"<p>Para encerrar com chave de ouro a s\u00e9rie de \u00e1lbuns dedicados \u00e0 Jovem Guarda, sem d\u00favida o primeiro movimento de massa da hist\u00f3ria da MPB, o Toque Musical oferece prazeirosamente a seus amigos cultos, ocultos e associados uma colet\u00e2nea de &hellip; <a href=\"https:\/\/www.toque-musicall.com\/?p=5880\">Continue lendo <span class=\"meta-nav\">&rarr;<\/span><\/a><\/p>\n","protected":false},"author":1,"featured_media":0,"comment_status":"open","ping_status":"closed","sticky":false,"template":"","format":"standard","meta":{"footnotes":""},"categories":[64,2618,1275,107,2830,244,570,934,540],"tags":[],"class_list":["post-5880","post","type-post","status-publish","format-standard","hentry","category-coletanea","category-deny-dino","category-eduardo-araujo","category-golden-boys","category-paulo-cezar","category-selo-emi-odeon","category-sergio-reis","category-trio-esperanca","category-wilson-simonal"],"_links":{"self":[{"href":"https:\/\/www.toque-musicall.com\/index.php?rest_route=\/wp\/v2\/posts\/5880","targetHints":{"allow":["GET"]}}],"collection":[{"href":"https:\/\/www.toque-musicall.com\/index.php?rest_route=\/wp\/v2\/posts"}],"about":[{"href":"https:\/\/www.toque-musicall.com\/index.php?rest_route=\/wp\/v2\/types\/post"}],"author":[{"embeddable":true,"href":"https:\/\/www.toque-musicall.com\/index.php?rest_route=\/wp\/v2\/users\/1"}],"replies":[{"embeddable":true,"href":"https:\/\/www.toque-musicall.com\/index.php?rest_route=%2Fwp%2Fv2%2Fcomments&post=5880"}],"version-history":[{"count":1,"href":"https:\/\/www.toque-musicall.com\/index.php?rest_route=\/wp\/v2\/posts\/5880\/revisions"}],"predecessor-version":[{"id":5881,"href":"https:\/\/www.toque-musicall.com\/index.php?rest_route=\/wp\/v2\/posts\/5880\/revisions\/5881"}],"wp:attachment":[{"href":"https:\/\/www.toque-musicall.com\/index.php?rest_route=%2Fwp%2Fv2%2Fmedia&parent=5880"}],"wp:term":[{"taxonomy":"category","embeddable":true,"href":"https:\/\/www.toque-musicall.com\/index.php?rest_route=%2Fwp%2Fv2%2Fcategories&post=5880"},{"taxonomy":"post_tag","embeddable":true,"href":"https:\/\/www.toque-musicall.com\/index.php?rest_route=%2Fwp%2Fv2%2Ftags&post=5880"}],"curies":[{"name":"wp","href":"https:\/\/api.w.org\/{rel}","templated":true}]}}